{"id":23651,"date":"2019-11-16T22:29:14","date_gmt":"2019-11-17T01:29:14","guid":{"rendered":"https:\/\/crc.org.ar\/w\/?p=23651"},"modified":"2019-11-16T22:29:14","modified_gmt":"2019-11-17T01:29:14","slug":"lucas-monzon-subcampeon-sudamericano-en-asuncion","status":"publish","type":"post","link":"https:\/\/crc.org.ar\/w\/lucas-monzon-subcampeon-sudamericano-en-asuncion\/","title":{"rendered":"Lucas Monz\u00f3n subcampe\u00f3n  Sudamericano en Asunci\u00f3n"},"content":{"rendered":"<p>(S\u00e1bado 16 de noviembre de 2019). El nadador del Club de Regatas Corrientes, <strong>Lucas Monz\u00f3n<\/strong>, se consagr\u00f3 subcampe\u00f3n Sudamericano de nataci\u00f3n M\u00e1ster 2019, en 50 metros Espalda, en la \u00faltima jornada de la competencia que comenz\u00f3 el pasado martes en Asunci\u00f3n del Paraguay.<\/p>\n<p><!--more--><\/p>\n<p><img loading=\"lazy\" decoding=\"async\" class=\"alignleft size-medium wp-image-23652\" src=\"https:\/\/crc.org.ar\/w\/wp-content\/uploads\/2019\/11\/lucas-monzon1-228x300.jpeg\" alt=\"\" width=\"228\" height=\"300\" srcset=\"https:\/\/crc.org.ar\/w\/wp-content\/uploads\/2019\/11\/lucas-monzon1-228x300.jpeg 228w, https:\/\/crc.org.ar\/w\/wp-content\/uploads\/2019\/11\/lucas-monzon1.jpeg 728w\" sizes=\"(max-width: 228px) 100vw, 228px\" \/>Con un tiempo de 29 segundos y 64\u00a0 cent\u00e9simas, el nadador del Club de Regatas Corrientes, <strong>Lucas Monz\u00f3n<\/strong>, se colg\u00f3 la medalla de plata en los 50 metros Espalda, en la \u00faltima jornada del Sudamericano de nataci\u00f3n M\u00e1ster 2019, en Asunci\u00f3n del Paraguay.<\/p>\n<p>El ganador de la prueba fue <strong>Leonardo Sumida<\/strong> (Swim Team) con un tiempo de 27 segundos y 19 cent\u00e9simas. En tanto el podio se complet\u00f3 con Marcelo Simioni (Lira TC) con un registro de 30 segundos y 13 cent\u00e9simas<\/p>\n<p><strong>Lucas Monz\u00f3n<\/strong> sum\u00f3 as\u00ed su cuarta medalla en el Sudamericano, ya que anteriormente logr\u00f3 la presea de bronce en los 100 metros Espalda, y despu\u00e9s, con \u201cLa Joven Guardia\u201d, alcanz\u00f3 medallas de plata y bronce en las postas 4\u00d750 metros Combinado y 4\u00d750 Libre, respectivamente<\/p>\n<p>As\u00ed finaliz\u00f3 la una nueva edici\u00f3n, la XIV, del Campeonato Sudamericano M\u00e1ster de Nataci\u00f3n con una excelente actuaci\u00f3n del equipo del Club de Regatas Corrientes, que tuvo ciento por ciento de efectividad, ya que logr\u00f3 medallas en todas las pruebas que disput\u00f3.<\/p>\n<p><strong>TODOS LOS<br \/>\n<\/strong><strong>RESULTADOS<\/strong><strong><br \/>\n<\/strong><\/p>\n<p><strong>Nicol\u00e1s Trossero (32 a\u00f1os)<\/strong>: campe\u00f3n en 100 metros Pecho, subcampe\u00f3n en posta 4\u00d750 metros Combinado, tercero en posta 4\u00d750 metros Libre, y campe\u00f3n en 50 metros Pecho.<\/p>\n<p><strong>Neri Trossero (38 a\u00f1os)<\/strong>: campe\u00f3n en 100 metros Pecho, subcampe\u00f3n en posta 4\u00d750 metros Combinado, tercero en posta 4\u00d750 metros Libre, y campe\u00f3n en 50 metros Pecho.<\/p>\n<p><strong>Bruno Ferreira (31 a\u00f1os):<\/strong> subcampe\u00f3n en 100 metros Mariposa, tercero en 50 metros Mariposa, subcampe\u00f3n en posta 4\u00d750 metros Combinado, y tercero en posta 4\u00d750 metros Libre.<\/p>\n<p><strong>Lucas Monz\u00f3n (30 a\u00f1os):<\/strong> tercero en 100 metros Espalda, subcampe\u00f3n en posta 4\u00d750 metros Combinado, tercero en posta 4\u00d750 metros Libre, y subcampe\u00f3n en 50 metros Espalda.<\/p>\n","protected":false},"excerpt":{"rendered":"<p>(S\u00e1bado 16 de noviembre de 2019). El nadador del Club de Regatas Corrientes, Lucas Monz\u00f3n, se consagr\u00f3 subcampe\u00f3n Sudamericano de nataci\u00f3n M\u00e1ster 2019, en 50 metros Espalda, en la \u00faltima jornada de la competencia que comenz\u00f3 el pasado martes en Asunci\u00f3n del Paraguay. Con un tiempo de 29 segundos y 64\u00a0 cent\u00e9simas, el nadador del &hellip;<\/p>\n","protected":false},"author":1,"featured_media":23653,"comment_status":"closed","ping_status":"closed","sticky":false,"template":"","format":"standard","meta":{"footnotes":""},"categories":[69,156],"tags":[],"_links":{"self":[{"href":"https:\/\/crc.org.ar\/w\/wp-json\/wp\/v2\/posts\/23651"}],"collection":[{"href":"https:\/\/crc.org.ar\/w\/wp-json\/wp\/v2\/posts"}],"about":[{"href":"https:\/\/crc.org.ar\/w\/wp-json\/wp\/v2\/types\/post"}],"author":[{"embeddable":true,"href":"https:\/\/crc.org.ar\/w\/wp-json\/wp\/v2\/users\/1"}],"replies":[{"embeddable":true,"href":"https:\/\/crc.org.ar\/w\/wp-json\/wp\/v2\/comments?post=23651"}],"version-history":[{"count":1,"href":"https:\/\/crc.org.ar\/w\/wp-json\/wp\/v2\/posts\/23651\/revisions"}],"predecessor-version":[{"id":23654,"href":"https:\/\/crc.org.ar\/w\/wp-json\/wp\/v2\/posts\/23651\/revisions\/23654"}],"wp:featuredmedia":[{"embeddable":true,"href":"https:\/\/crc.org.ar\/w\/wp-json\/wp\/v2\/media\/23653"}],"wp:attachment":[{"href":"https:\/\/crc.org.ar\/w\/wp-json\/wp\/v2\/media?parent=23651"}],"wp:term":[{"taxonomy":"category","embeddable":true,"href":"https:\/\/crc.org.ar\/w\/wp-json\/wp\/v2\/categories?post=23651"},{"taxonomy":"post_tag","embeddable":true,"href":"https:\/\/crc.org.ar\/w\/wp-json\/wp\/v2\/tags?post=23651"}],"curies":[{"name":"wp","href":"https:\/\/api.w.org\/{rel}","templated":true}]}}