{"id":23872,"date":"2019-11-25T00:30:01","date_gmt":"2019-11-25T03:30:01","guid":{"rendered":"https:\/\/crc.org.ar\/w\/?p=23872"},"modified":"2019-11-25T08:10:54","modified_gmt":"2019-11-25T11:10:54","slug":"el-cuadrangular-final-se-vivira-en-el-parque-mitre","status":"publish","type":"post","link":"https:\/\/crc.org.ar\/w\/el-cuadrangular-final-se-vivira-en-el-parque-mitre\/","title":{"rendered":"El Cuadrangular Final se vivir\u00e1 en el Parque Mitre"},"content":{"rendered":"<p>(Domingo 24 de noviembre de 2019). Este lunes comenzar\u00e1 a vivirse el cuadrangular final del Torneo Oficial de Primera Divisi\u00f3n, que despu\u00e9s de 11 a\u00f1os vuelve al \u201cParque Mitre\u201d. Regatas contra San Mart\u00edn, y Col\u00f3n frente a Alvear, son los atractivos duelos de semifinales.<\/p>\n<p><!--more--><\/p>\n<p><img loading=\"lazy\" decoding=\"async\" class=\"alignleft size-medium wp-image-23873\" src=\"https:\/\/crc.org.ar\/w\/wp-content\/uploads\/2019\/11\/abcc-equipo-300x192.jpeg\" alt=\"\" width=\"300\" height=\"192\" srcset=\"https:\/\/crc.org.ar\/w\/wp-content\/uploads\/2019\/11\/abcc-equipo-300x192.jpeg 300w, https:\/\/crc.org.ar\/w\/wp-content\/uploads\/2019\/11\/abcc-equipo.jpeg 640w\" sizes=\"(max-width: 300px) 100vw, 300px\" \/>Este lunes en la noche, comenzar\u00e1 a vivirse una nueva edici\u00f3n del cuadrangular Final del Torneo Oficial de Primera Divisi\u00f3n de la Asociaci\u00f3n de B\u00e1squet de la Ciudad de Corrientes (ABCC), que se jugar\u00e1 totalmente en el \u201cEstadio de los Sue\u00f1os\u201d.<\/p>\n<p>A las 21 ser\u00e1 el primer duelo, que tendr\u00e1 como protagonistas a Col\u00f3n (2\u00b0) y a Alvear (3\u00b0). Una vez terminado dicho juego, Regatas (1\u00b0) y San Mart\u00edn (4\u00b0) reeditar\u00e1n el cl\u00e1sico moderno del b\u00e1squet correntino.<\/p>\n<p>Cabe destacar que desde el 2008 que el Cuadrangular Final no se jugaba en el estadio \u201cJos\u00e9 Jorge Contte\u201d, donde en aquella oportunidad el local se coron\u00f3 campe\u00f3n tras ganarle la final a H\u00e9rcules.<\/p>\n<p>Ahora, llegaron los 4 mejores equipos de toda la temporada, los cuales en la fase regular se sacaron chispas entre s\u00ed, y brindaron dignos espect\u00e1culos, por lo que seguramente esta definici\u00f3n de campeonato no ser\u00e1 ajena a aquellos duelos.<\/p>\n<p>Recordemos que Regatas lleg\u00f3 como primero, qued\u00e1ndose con la Copa Desagastiz\u00e1bal con una fecha de anticipaci\u00f3n, tras haberle ganado a C\u00f3rdoba en la 13\u00b0 jornada, y finaliz\u00f3 con un r\u00e9cord de 11 ganados y 3 perdidos.<\/p>\n<p>Por su parte Col\u00f3n termin\u00f3 en segundo lugar con 10 ganados y 4 perdidos, al igual que Alvear, que qued\u00f3 detr\u00e1s por la diferencia de goles entre s\u00ed. Y el \u201crojinegro\u201d lleg\u00f3 en cuarta posici\u00f3n con 9 victorias y 5 derrotas.<\/p>\n<p>Cabe desatacar que durante la fase regular, el \u201cremero\u201d se qued\u00f3 las dos veces con el triunfo frente al \u201cSanto\u201d, en la tercera fecha fue victoria en el \u201cEstadio de los Sue\u00f1os\u201d por 81 a 72, y en la d\u00e9cima fecha volvi\u00f3 a ganar en el \u201cFort\u00edn rojinegro\u201d por 64 a 56.<\/p>\n<p><strong>N\u00daMEROS DEL FANTASMA<\/strong><\/p>\n<p>Regatas llev\u00f3 a cabo una muy buena fase regular, llegando a coronarse campe\u00f3n de la Copa Desagastiz\u00e1bal con una fecha de anticipaci\u00f3n. El equipo de <strong>Juan Pablo Mascar\u00f3<\/strong> tuvo varios puntos altos durante el torneo, tambi\u00e9n tuvo debuts, idas y otros condimentos.<\/p>\n<p>El equipo \u201cfantasma\u201d\u00a0 termin\u00f3 la fase puntuable con un total de 881 puntos a favor en 13 duelos (no computamos los 20 a 0 frente a Arroyito), lo que deja un promedio de 68 puntos por partido. En cuanto a los recibidos, finaliz\u00f3 con 796 puntos recibidos, lo que hace un promedio de 61,2 puntos.<\/p>\n<p>Por otro lado, en cuanto los nombres, fue muy importante el arranque que tuvo el equipo con <strong>Juan Ignacio Gonz\u00e1lez Nadal<\/strong>, quien promedi\u00f3 19,3 puntos en las primeras tres fechas, y fue pieza clave en el \u201cremero\u201d en esos juegos. Luego, se fue a jugar a Olimpia de Venado Tuerto.<\/p>\n<p>Clave tambi\u00e9n fue la aparici\u00f3n de <strong>Tob\u00edas Franchela<\/strong>, el juvenil de Jun\u00edn, que lleg\u00f3 en la tercera fecha, y desde el primer juego frente a San Mart\u00edn mostr\u00f3 sus cualidades en el rect\u00e1ngulo de juego. En 10 partidos jugados, aport\u00f3 un promedio de 13,2 puntos por partido.<\/p>\n<p>Otro de los nombres importantes, fue <strong>Juan Cruz Scacchi<\/strong>, quien promedi\u00f3 11,4 puntos por partido en 12 jugados (solo falt\u00f3 a uno).<\/p>\n<p>Y por \u00faltimo resaltar a los referentes del equipo, por su trayectoria, como son <strong>Gast\u00f3n Turraca<\/strong> (23 a\u00f1os) quien aport\u00f3 12,8 puntos en 9 jugados, y por supuesto al capit\u00e1n del conjunto \u201cremero\u201d, a <strong>Franco Zalazar<\/strong>, quien sum\u00f3 7,3 de promedio jugando todos los duelos, y siendo pieza clave en la zona pintada.<\/p>\n","protected":false},"excerpt":{"rendered":"<p>(Domingo 24 de noviembre de 2019). Este lunes comenzar\u00e1 a vivirse el cuadrangular final del Torneo Oficial de Primera Divisi\u00f3n, que despu\u00e9s de 11 a\u00f1os vuelve al \u201cParque Mitre\u201d. Regatas contra San Mart\u00edn, y Col\u00f3n frente a Alvear, son los atractivos duelos de semifinales. Este lunes en la noche, comenzar\u00e1 a vivirse una nueva edici\u00f3n &hellip;<\/p>\n","protected":false},"author":1,"featured_media":23874,"comment_status":"closed","ping_status":"closed","sticky":false,"template":"","format":"standard","meta":{"footnotes":""},"categories":[80,156],"tags":[],"_links":{"self":[{"href":"https:\/\/crc.org.ar\/w\/wp-json\/wp\/v2\/posts\/23872"}],"collection":[{"href":"https:\/\/crc.org.ar\/w\/wp-json\/wp\/v2\/posts"}],"about":[{"href":"https:\/\/crc.org.ar\/w\/wp-json\/wp\/v2\/types\/post"}],"author":[{"embeddable":true,"href":"https:\/\/crc.org.ar\/w\/wp-json\/wp\/v2\/users\/1"}],"replies":[{"embeddable":true,"href":"https:\/\/crc.org.ar\/w\/wp-json\/wp\/v2\/comments?post=23872"}],"version-history":[{"count":3,"href":"https:\/\/crc.org.ar\/w\/wp-json\/wp\/v2\/posts\/23872\/revisions"}],"predecessor-version":[{"id":23877,"href":"https:\/\/crc.org.ar\/w\/wp-json\/wp\/v2\/posts\/23872\/revisions\/23877"}],"wp:featuredmedia":[{"embeddable":true,"href":"https:\/\/crc.org.ar\/w\/wp-json\/wp\/v2\/media\/23874"}],"wp:attachment":[{"href":"https:\/\/crc.org.ar\/w\/wp-json\/wp\/v2\/media?parent=23872"}],"wp:term":[{"taxonomy":"category","embeddable":true,"href":"https:\/\/crc.org.ar\/w\/wp-json\/wp\/v2\/categories?post=23872"},{"taxonomy":"post_tag","embeddable":true,"href":"https:\/\/crc.org.ar\/w\/wp-json\/wp\/v2\/tags?post=23872"}],"curies":[{"name":"wp","href":"https:\/\/api.w.org\/{rel}","templated":true}]}}