{"id":23881,"date":"2019-11-25T15:04:26","date_gmt":"2019-11-25T18:04:26","guid":{"rendered":"https:\/\/crc.org.ar\/w\/?p=23881"},"modified":"2019-11-25T15:04:26","modified_gmt":"2019-11-25T18:04:26","slug":"alejandro-vera-en-campus-de-entrenamiento-en-rio-de-janeiro","status":"publish","type":"post","link":"https:\/\/crc.org.ar\/w\/alejandro-vera-en-campus-de-entrenamiento-en-rio-de-janeiro\/","title":{"rendered":"Alejandro Vera en campus de  entrenamiento en R\u00edo de Janeiro"},"content":{"rendered":"<p>(Lunes 25 de noviembre de 2019). El remero del Club de Regatas Corrientes <strong>Alejandro Vera <\/strong>se encuentra en R\u00edo de Janeiro participando del campus de entrenamiento de FISA. El fin de semana competir\u00e1 en Nacional de la Confederaci\u00f3n Brasile\u00f1a de Remo.<\/p>\n<p><!--more--><\/p>\n<p><img loading=\"lazy\" decoding=\"async\" class=\"alignleft size-medium wp-image-23882\" src=\"https:\/\/crc.org.ar\/w\/wp-content\/uploads\/2019\/11\/ale-vera1-300x164.jpeg\" alt=\"\" width=\"300\" height=\"164\" srcset=\"https:\/\/crc.org.ar\/w\/wp-content\/uploads\/2019\/11\/ale-vera1-300x164.jpeg 300w, https:\/\/crc.org.ar\/w\/wp-content\/uploads\/2019\/11\/ale-vera1-768x420.jpeg 768w, https:\/\/crc.org.ar\/w\/wp-content\/uploads\/2019\/11\/ale-vera1.jpeg 1299w\" sizes=\"(max-width: 300px) 100vw, 300px\" \/>La Federaci\u00f3n Internacional de Remo (FISA) bec\u00f3 a dos atletas argentinos y a su entrenador para asistir al campus de entrenamiento, durante toda la presente semana, en R\u00edo de Janeiro, Brasil.<\/p>\n<p>La actividad, que arranc\u00f3 el pasado fin de semana, se lleva a cabo en la misma pista donde se hicieron los Juegos Ol\u00edmpicos de R\u00edo y en donde se llevar\u00e1 a cabo el Repechaje, \u00faltimo Selectivo para los Juegos Paral\u00edmpicos Tokio 2020.<\/p>\n<p>En el campamento, organizado por la Confederaci\u00f3n Brasile\u00f1a de Remo, habr\u00e1 entrenadores FISA, quienes trabajaran en forma conjunta con el entrenador argentino para ir ajustando detalles y perfeccionando la t\u00e9cnica de los remeros.<\/p>\n<p>Los argentinos seleccionados y becados son <strong>Brenda Sard\u00f3n<\/strong> (Club de Regatas La Plata) y <strong>Alejandro Vera <\/strong>(Club de Regatas Corrientes), quienes se encuentran acompa\u00f1ados por el entrenador nacional <strong>Juan\u00a0 Rivarola.<\/strong><\/p>\n<p>\u201cLo m\u00e1s importante es que el campamento de entrenamiento se har\u00e1 en la lagoa, la misma pista que en el mes de abril del a\u00f1o pr\u00f3ximo correr\u00e1 el clasificatorio continental, \u00faltima chance para clasificar a los Juegos Paral\u00edmpicos de Tokio 2020\u201d, dijo Vera.<\/p>\n<p>\u201cToda la semana estaremos entrenando y al final de la semana (31 de noviembre y 1 de diciembre), participaremos de una fecha del campeonato brasilero, en calidad de invitados\u201d, complet\u00f3 el remero regatense.<\/p>\n","protected":false},"excerpt":{"rendered":"<p>(Lunes 25 de noviembre de 2019). El remero del Club de Regatas Corrientes Alejandro Vera se encuentra en R\u00edo de Janeiro participando del campus de entrenamiento de FISA. El fin de semana competir\u00e1 en Nacional de la Confederaci\u00f3n Brasile\u00f1a de Remo. La Federaci\u00f3n Internacional de Remo (FISA) bec\u00f3 a dos atletas argentinos y a su &hellip;<\/p>\n","protected":false},"author":1,"featured_media":23882,"comment_status":"closed","ping_status":"closed","sticky":false,"template":"","format":"standard","meta":{"footnotes":""},"categories":[156,18],"tags":[],"_links":{"self":[{"href":"https:\/\/crc.org.ar\/w\/wp-json\/wp\/v2\/posts\/23881"}],"collection":[{"href":"https:\/\/crc.org.ar\/w\/wp-json\/wp\/v2\/posts"}],"about":[{"href":"https:\/\/crc.org.ar\/w\/wp-json\/wp\/v2\/types\/post"}],"author":[{"embeddable":true,"href":"https:\/\/crc.org.ar\/w\/wp-json\/wp\/v2\/users\/1"}],"replies":[{"embeddable":true,"href":"https:\/\/crc.org.ar\/w\/wp-json\/wp\/v2\/comments?post=23881"}],"version-history":[{"count":1,"href":"https:\/\/crc.org.ar\/w\/wp-json\/wp\/v2\/posts\/23881\/revisions"}],"predecessor-version":[{"id":23883,"href":"https:\/\/crc.org.ar\/w\/wp-json\/wp\/v2\/posts\/23881\/revisions\/23883"}],"wp:featuredmedia":[{"embeddable":true,"href":"https:\/\/crc.org.ar\/w\/wp-json\/wp\/v2\/media\/23882"}],"wp:attachment":[{"href":"https:\/\/crc.org.ar\/w\/wp-json\/wp\/v2\/media?parent=23881"}],"wp:term":[{"taxonomy":"category","embeddable":true,"href":"https:\/\/crc.org.ar\/w\/wp-json\/wp\/v2\/categories?post=23881"},{"taxonomy":"post_tag","embeddable":true,"href":"https:\/\/crc.org.ar\/w\/wp-json\/wp\/v2\/tags?post=23881"}],"curies":[{"name":"wp","href":"https:\/\/api.w.org\/{rel}","templated":true}]}}