{"id":23954,"date":"2019-11-28T11:27:22","date_gmt":"2019-11-28T14:27:22","guid":{"rendered":"https:\/\/crc.org.ar\/w\/?p=23954"},"modified":"2019-11-28T11:27:22","modified_gmt":"2019-11-28T14:27:22","slug":"finalizo-la-liga-atmar-2019-con-logros-y-titulos-para-regatas","status":"publish","type":"post","link":"https:\/\/crc.org.ar\/w\/finalizo-la-liga-atmar-2019-con-logros-y-titulos-para-regatas\/","title":{"rendered":"Finaliz\u00f3 la Liga ATMAR 2019  con logros y t\u00edtulos para Regatas"},"content":{"rendered":"<p>(Jueves 28 de noviembre de 2019). El pasado fin de semana se llev\u00f3 a cabo la sexta y \u00faltima fecha de la Liga ATMAR de tenis de mesa en Reconquista, Santa Fe, nuevamente con importantes logros regatenses, que le permitieron quedarse con la temporada en las distintas categor\u00edas<\/p>\n<p><!--more--><\/p>\n<p>El Club Centro Recreativos de Artesanos de la ciudad de Reconquista, provincia de Santa Fe, fue la sede de la sexta y \u00faltima fecha de la Liga ATMAR (Agrupaci\u00f3n Tenis de Mesa de Avellaneda y Reconquista).<\/p>\n<p>Como en las cinco primeras fechas, jugadores de tenis de mesa del Club de Regatas Corrientes, bajo la conducci\u00f3n t\u00e9cnica del instructor <strong>Cayetano Troia<\/strong>, volvieron a decir presente y a lograr importantes resultados.<\/p>\n<p>En la categor\u00eda Segunda, <strong>Diego Breard<\/strong> repiti\u00f3 el primer puesto de la fecha anterior, lo que le permiti\u00f3 consagrarse campe\u00f3n de la temporada 2019 de la categor\u00eda. En tanto tambi\u00e9n particip\u00f3 en Primera, logrando la tercera ubicaci\u00f3n.<\/p>\n<p>En la oportunidad tambi\u00e9n compiti\u00f3 <strong>Rodrigo Meda<\/strong> que finaliz\u00f3 segundo en la categor\u00eda Tercera, y se ubic\u00f3 quinto en Segunda. En tanto <strong>Javier Milano<\/strong> termin\u00f3 tercero en Segunda, y quinto en Primera; siendo los principales resultados de la delegaci\u00f3n \u201cremera\u201d.<\/p>\n<p>De esta manera los ganadores de la Liga Anual 2019, por sumatoria de puntos fueron <strong>Cayetano Troia<\/strong> (Primera), <strong>Diego Breard<\/strong> (Segunda) y <strong>Gabriel Montiel<\/strong> (Tercera); todos del Club de Regatas Corrientes.<\/p>\n<div id='gallery-1' class='gallery galleryid-23954 gallery-columns-4 gallery-size-thumbnail'><figure class='gallery-item'>\n\t\t\t<div class='gallery-icon portrait'>\n\t\t\t\t<a href='https:\/\/crc.org.ar\/w\/wp-content\/uploads\/2019\/11\/TdM-Reconquista.jpg'><img loading=\"lazy\" decoding=\"async\" width=\"150\" height=\"150\" src=\"https:\/\/crc.org.ar\/w\/wp-content\/uploads\/2019\/11\/TdM-Reconquista-150x150.jpg\" class=\"attachment-thumbnail size-thumbnail\" alt=\"\" \/><\/a>\n\t\t\t<\/div><\/figure><figure class='gallery-item'>\n\t\t\t<div class='gallery-icon landscape'>\n\t\t\t\t<a href='https:\/\/crc.org.ar\/w\/wp-content\/uploads\/2019\/11\/TdM-Reconquista1.jpeg'><img loading=\"lazy\" decoding=\"async\" width=\"150\" height=\"150\" src=\"https:\/\/crc.org.ar\/w\/wp-content\/uploads\/2019\/11\/TdM-Reconquista1-150x150.jpeg\" class=\"attachment-thumbnail size-thumbnail\" alt=\"\" \/><\/a>\n\t\t\t<\/div><\/figure><figure class='gallery-item'>\n\t\t\t<div class='gallery-icon portrait'>\n\t\t\t\t<a href='https:\/\/crc.org.ar\/w\/wp-content\/uploads\/2019\/11\/TdM-Reconquista2.jpeg'><img loading=\"lazy\" decoding=\"async\" width=\"150\" height=\"150\" src=\"https:\/\/crc.org.ar\/w\/wp-content\/uploads\/2019\/11\/TdM-Reconquista2-150x150.jpeg\" class=\"attachment-thumbnail size-thumbnail\" alt=\"\" \/><\/a>\n\t\t\t<\/div><\/figure><figure class='gallery-item'>\n\t\t\t<div class='gallery-icon portrait'>\n\t\t\t\t<a href='https:\/\/crc.org.ar\/w\/wp-content\/uploads\/2019\/11\/TdM-Reconquista3.jpg'><img loading=\"lazy\" decoding=\"async\" width=\"150\" height=\"150\" src=\"https:\/\/crc.org.ar\/w\/wp-content\/uploads\/2019\/11\/TdM-Reconquista3-150x150.jpg\" class=\"attachment-thumbnail size-thumbnail\" alt=\"\" \/><\/a>\n\t\t\t<\/div><\/figure>\n\t\t<\/div>\n\n","protected":false},"excerpt":{"rendered":"<p>(Jueves 28 de noviembre de 2019). El pasado fin de semana se llev\u00f3 a cabo la sexta y \u00faltima fecha de la Liga ATMAR de tenis de mesa en Reconquista, Santa Fe, nuevamente con importantes logros regatenses, que le permitieron quedarse con la temporada en las distintas categor\u00edas El Club Centro Recreativos de Artesanos de &hellip;<\/p>\n","protected":false},"author":1,"featured_media":23959,"comment_status":"closed","ping_status":"closed","sticky":false,"template":"","format":"standard","meta":{"footnotes":""},"categories":[156,13],"tags":[],"_links":{"self":[{"href":"https:\/\/crc.org.ar\/w\/wp-json\/wp\/v2\/posts\/23954"}],"collection":[{"href":"https:\/\/crc.org.ar\/w\/wp-json\/wp\/v2\/posts"}],"about":[{"href":"https:\/\/crc.org.ar\/w\/wp-json\/wp\/v2\/types\/post"}],"author":[{"embeddable":true,"href":"https:\/\/crc.org.ar\/w\/wp-json\/wp\/v2\/users\/1"}],"replies":[{"embeddable":true,"href":"https:\/\/crc.org.ar\/w\/wp-json\/wp\/v2\/comments?post=23954"}],"version-history":[{"count":1,"href":"https:\/\/crc.org.ar\/w\/wp-json\/wp\/v2\/posts\/23954\/revisions"}],"predecessor-version":[{"id":23960,"href":"https:\/\/crc.org.ar\/w\/wp-json\/wp\/v2\/posts\/23954\/revisions\/23960"}],"wp:featuredmedia":[{"embeddable":true,"href":"https:\/\/crc.org.ar\/w\/wp-json\/wp\/v2\/media\/23959"}],"wp:attachment":[{"href":"https:\/\/crc.org.ar\/w\/wp-json\/wp\/v2\/media?parent=23954"}],"wp:term":[{"taxonomy":"category","embeddable":true,"href":"https:\/\/crc.org.ar\/w\/wp-json\/wp\/v2\/categories?post=23954"},{"taxonomy":"post_tag","embeddable":true,"href":"https:\/\/crc.org.ar\/w\/wp-json\/wp\/v2\/tags?post=23954"}],"curies":[{"name":"wp","href":"https:\/\/api.w.org\/{rel}","templated":true}]}}