{"id":24013,"date":"2019-11-29T15:15:34","date_gmt":"2019-11-29T18:15:34","guid":{"rendered":"https:\/\/crc.org.ar\/w\/?p=24013"},"modified":"2019-11-29T16:37:45","modified_gmt":"2019-11-29T19:37:45","slug":"la-primera-vuelta-regatas-campeon-en-u15","status":"publish","type":"post","link":"https:\/\/crc.org.ar\/w\/la-primera-vuelta-regatas-campeon-en-u15\/","title":{"rendered":"La primera vuelta: Regatas campe\u00f3n en U15"},"content":{"rendered":"<p>(Viernes 29 de noviembre de 2019). Regatas Corrientes se coron\u00f3 campe\u00f3n en las categor\u00edas U15 y U17, en ambos casos gan\u00e1ndole a San Mart\u00edn la final en el \u201cFort\u00edn Rojinegro\u201d, y son los primeros campeones de las formativas de la ABCC en 2019.<\/p>\n<p><!--more--><\/p>\n<p>El jueves por la noche, en el \u201cFort\u00edn Rojinegro\u201d, los equipos de Regatas Corrientes se coronaron campeones en las categor\u00edas U15 y U17, tras vencer a San Mart\u00edn por 75 a 51 y 71 a 69, respectivamente.<\/p>\n<p>De esta forma son los primeros campeones de la temporada 2019 en los torneos oficiales de las categor\u00edas formativas de la Asociaci\u00f3n de B\u00e1squet de la Ciudad de Corrientes (ABCC).<\/p>\n<div id='gallery-1' class='gallery galleryid-24013 gallery-columns-3 gallery-size-thumbnail'><figure class='gallery-item'>\n\t\t\t<div class='gallery-icon landscape'>\n\t\t\t\t<a href='https:\/\/crc.org.ar\/w\/wp-content\/uploads\/2019\/11\/U15-campeon.jpeg'><img loading=\"lazy\" decoding=\"async\" width=\"150\" height=\"150\" src=\"https:\/\/crc.org.ar\/w\/wp-content\/uploads\/2019\/11\/U15-campeon-150x150.jpeg\" class=\"attachment-thumbnail size-thumbnail\" alt=\"\" \/><\/a>\n\t\t\t<\/div><\/figure><figure class='gallery-item'>\n\t\t\t<div class='gallery-icon landscape'>\n\t\t\t\t<a href='https:\/\/crc.org.ar\/w\/wp-content\/uploads\/2019\/11\/U15-campeon1.jpeg'><img loading=\"lazy\" decoding=\"async\" width=\"150\" height=\"150\" src=\"https:\/\/crc.org.ar\/w\/wp-content\/uploads\/2019\/11\/U15-campeon1-150x150.jpeg\" class=\"attachment-thumbnail size-thumbnail\" alt=\"\" \/><\/a>\n\t\t\t<\/div><\/figure><figure class='gallery-item'>\n\t\t\t<div class='gallery-icon landscape'>\n\t\t\t\t<a href='https:\/\/crc.org.ar\/w\/wp-content\/uploads\/2019\/11\/U15-campeon2.jpeg'><img loading=\"lazy\" decoding=\"async\" width=\"150\" height=\"150\" src=\"https:\/\/crc.org.ar\/w\/wp-content\/uploads\/2019\/11\/U15-campeon2-150x150.jpeg\" class=\"attachment-thumbnail size-thumbnail\" alt=\"\" \/><\/a>\n\t\t\t<\/div><\/figure><figure class='gallery-item'>\n\t\t\t<div class='gallery-icon landscape'>\n\t\t\t\t<a href='https:\/\/crc.org.ar\/w\/wp-content\/uploads\/2019\/11\/U15-campeon3.jpeg'><img loading=\"lazy\" decoding=\"async\" width=\"150\" height=\"150\" src=\"https:\/\/crc.org.ar\/w\/wp-content\/uploads\/2019\/11\/U15-campeon3-150x150.jpeg\" class=\"attachment-thumbnail size-thumbnail\" alt=\"\" \/><\/a>\n\t\t\t<\/div><\/figure><figure class='gallery-item'>\n\t\t\t<div class='gallery-icon portrait'>\n\t\t\t\t<a href='https:\/\/crc.org.ar\/w\/wp-content\/uploads\/2019\/11\/u15-capitan.jpeg'><img loading=\"lazy\" decoding=\"async\" width=\"150\" height=\"150\" src=\"https:\/\/crc.org.ar\/w\/wp-content\/uploads\/2019\/11\/u15-capitan-150x150.jpeg\" class=\"attachment-thumbnail size-thumbnail\" alt=\"\" \/><\/a>\n\t\t\t<\/div><\/figure><figure class='gallery-item'>\n\t\t\t<div class='gallery-icon landscape'>\n\t\t\t\t<a href='https:\/\/crc.org.ar\/w\/wp-content\/uploads\/2019\/11\/U15-clasico.jpeg'><img loading=\"lazy\" decoding=\"async\" width=\"150\" height=\"150\" src=\"https:\/\/crc.org.ar\/w\/wp-content\/uploads\/2019\/11\/U15-clasico-150x150.jpeg\" class=\"attachment-thumbnail size-thumbnail\" alt=\"\" \/><\/a>\n\t\t\t<\/div><\/figure><figure class='gallery-item'>\n\t\t\t<div class='gallery-icon landscape'>\n\t\t\t\t<a href='https:\/\/crc.org.ar\/w\/wp-content\/uploads\/2019\/11\/U15-clasico1.jpeg'><img loading=\"lazy\" decoding=\"async\" width=\"150\" height=\"150\" src=\"https:\/\/crc.org.ar\/w\/wp-content\/uploads\/2019\/11\/U15-clasico1-150x150.jpeg\" class=\"attachment-thumbnail size-thumbnail\" alt=\"\" \/><\/a>\n\t\t\t<\/div><\/figure><figure class='gallery-item'>\n\t\t\t<div class='gallery-icon portrait'>\n\t\t\t\t<a href='https:\/\/crc.org.ar\/w\/wp-content\/uploads\/2019\/11\/U15-clasico2.jpeg'><img loading=\"lazy\" decoding=\"async\" width=\"150\" height=\"150\" src=\"https:\/\/crc.org.ar\/w\/wp-content\/uploads\/2019\/11\/U15-clasico2-150x150.jpeg\" class=\"attachment-thumbnail size-thumbnail\" alt=\"\" \/><\/a>\n\t\t\t<\/div><\/figure><figure class='gallery-item'>\n\t\t\t<div class='gallery-icon landscape'>\n\t\t\t\t<a href='https:\/\/crc.org.ar\/w\/wp-content\/uploads\/2019\/11\/U15-clasico3.jpeg'><img loading=\"lazy\" decoding=\"async\" width=\"150\" height=\"150\" src=\"https:\/\/crc.org.ar\/w\/wp-content\/uploads\/2019\/11\/U15-clasico3-150x150.jpeg\" class=\"attachment-thumbnail size-thumbnail\" alt=\"\" \/><\/a>\n\t\t\t<\/div><\/figure>\n\t\t<\/div>\n\n<p><strong>CAMPEONES EN U15<\/strong><\/p>\n<p>El primer campeonato de la noche, lleg\u00f3 de la mano de la categor\u00eda U15, la cual le gan\u00f3 a su cl\u00e1sico rival por 75 a 51, jugando un tremendo partido. De esta forma sellaron el t\u00edtulo tras ganar la serie final 2 a 0.<\/p>\n<p>Los doce integrantes del equipo de <strong>Alejandro Silveira<\/strong>, fueron: <strong>Gabriel Barnechea, Mateo Molina Weyler, Benjam\u00edn Marc\u00f3, M\u00e1ximo G\u00f3mez, Lucas Manzolillo, Ezequiel Lecca, Juan Cruz Ferreyra, Santiago Ignacio, Francisco Pintos, Nicol\u00e1s Acosta, Ramiro Ben\u00edtez <\/strong>y<strong> Sebasti\u00e1n Villanueva.<\/strong><\/p>\n<p>Los m\u00e1ximos anotadores en el duelo definitorio del \u201cfantasma\u201d fueron: <strong>Ezequiel Lecca<\/strong> con 18, <strong>Nicol\u00e1s Acosta<\/strong> con 11, y <strong>M\u00e1ximo G\u00f3mez <\/strong>y<strong> Juan Cruz Ferreyra<\/strong> con 10 unidades cada uno.<\/p>\n<p><strong>LO QUE VIENE<\/strong><\/p>\n<p>Ahora resta definir dos categor\u00edas, que son la U13 y la U19. U13, dirigido por <strong>Germ\u00e1n Rold\u00e1n,<\/strong> se encuentra 1 a 1 en la serie de la final frente\u00a0 a San Mart\u00edn, y el definitorio ser\u00e1 el martes 3 de diciembre en el Club Ping\u00fcinos.<\/p>\n<p>Por otro lado, los U19, a\u00fan esperan al vencedor de la otra semifinal, donde San Mart\u00edn y H\u00e9rcules empatan la serie 1 a 1, y definir\u00e1n el jueves en la noche<\/p>\n","protected":false},"excerpt":{"rendered":"<p>(Viernes 29 de noviembre de 2019). Regatas Corrientes se coron\u00f3 campe\u00f3n en las categor\u00edas U15 y U17, en ambos casos gan\u00e1ndole a San Mart\u00edn la final en el \u201cFort\u00edn Rojinegro\u201d, y son los primeros campeones de las formativas de la ABCC en 2019. El jueves por la noche, en el \u201cFort\u00edn Rojinegro\u201d, los equipos de &hellip;<\/p>\n","protected":false},"author":1,"featured_media":24018,"comment_status":"closed","ping_status":"closed","sticky":false,"template":"","format":"standard","meta":{"footnotes":""},"categories":[80,156],"tags":[],"_links":{"self":[{"href":"https:\/\/crc.org.ar\/w\/wp-json\/wp\/v2\/posts\/24013"}],"collection":[{"href":"https:\/\/crc.org.ar\/w\/wp-json\/wp\/v2\/posts"}],"about":[{"href":"https:\/\/crc.org.ar\/w\/wp-json\/wp\/v2\/types\/post"}],"author":[{"embeddable":true,"href":"https:\/\/crc.org.ar\/w\/wp-json\/wp\/v2\/users\/1"}],"replies":[{"embeddable":true,"href":"https:\/\/crc.org.ar\/w\/wp-json\/wp\/v2\/comments?post=24013"}],"version-history":[{"count":1,"href":"https:\/\/crc.org.ar\/w\/wp-json\/wp\/v2\/posts\/24013\/revisions"}],"predecessor-version":[{"id":24024,"href":"https:\/\/crc.org.ar\/w\/wp-json\/wp\/v2\/posts\/24013\/revisions\/24024"}],"wp:featuredmedia":[{"embeddable":true,"href":"https:\/\/crc.org.ar\/w\/wp-json\/wp\/v2\/media\/24018"}],"wp:attachment":[{"href":"https:\/\/crc.org.ar\/w\/wp-json\/wp\/v2\/media?parent=24013"}],"wp:term":[{"taxonomy":"category","embeddable":true,"href":"https:\/\/crc.org.ar\/w\/wp-json\/wp\/v2\/categories?post=24013"},{"taxonomy":"post_tag","embeddable":true,"href":"https:\/\/crc.org.ar\/w\/wp-json\/wp\/v2\/tags?post=24013"}],"curies":[{"name":"wp","href":"https:\/\/api.w.org\/{rel}","templated":true}]}}