{"id":24027,"date":"2019-11-29T15:20:33","date_gmt":"2019-11-29T18:20:33","guid":{"rendered":"https:\/\/crc.org.ar\/w\/?p=24027"},"modified":"2019-11-29T16:41:45","modified_gmt":"2019-11-29T19:41:45","slug":"los-u17-prolongaron-los-festejos-de-campeonato","status":"publish","type":"post","link":"https:\/\/crc.org.ar\/w\/los-u17-prolongaron-los-festejos-de-campeonato\/","title":{"rendered":"Los U17 prolongaron los festejos de campeonato"},"content":{"rendered":"<p>(Viernes 29 de noviembre de 2019). Despu\u00e9s del t\u00edtulo U15, los U17 de Regatas Corrientes no quisieron ser menos y tambi\u00e9n se coronaron al vencer a San Mart\u00edn en el \u201cFort\u00edn Rojinegro\u201d por un cerrado 71 a 69, transform\u00e1ndose en el segundo campe\u00f3n de las formativas de la ABCC en 2019.<\/p>\n<p><!--more--><\/p>\n<p>En el segundo turno de la noche del jueves, en el \u201cFort\u00edn Rojinegro\u201d, los U17 de Regatas Corrientes y San Mart\u00edn regalaron un cl\u00e1sico espectacular, sin desperdicios para el gran marco de p\u00fablico que se dio cita.<\/p>\n<p>El juego fue parejo y apasionante, con una definici\u00f3n dram\u00e1tica en los \u00faltimos segundos. Pero fue el \u201cfantasma\u201d fue quien volvi\u00f3 a imponerse, y nuevamente por apenas un doble, 71 a 69, como ya lo hab\u00eda hecho en el primer punto de la serie.<\/p>\n<p>De esta forma, nuevamente <strong>Alejandro Silveira<\/strong> festej\u00f3 en la noche, y por supuesto, festej\u00f3 todo Regatas Corrientes, que obtuvo dos campeonatos en la misma jornada; ya que el primero fue el U15.<\/p>\n<p>El equipo de U17 \u201cremero\u201d, estuvo integrado por: <strong>Genaro Desimoni, Juan Mart\u00edn Quiroz Solla, Mariano S\u00e1nchez, Ignacio Marc\u00f3, Felipe Valsangiacomo, Juan Ignacio Carzino, Jer\u00f3nimo Ben\u00edtez, Jos\u00e9 Rolnik, Patrick Destorel, Santiago Ruiz <\/strong>y<strong> Adolfo Gauto.<\/strong><\/p>\n<p>Y los m\u00e1ximos anotadores en esta nueva consagraci\u00f3n fueron: <strong>Patrick Destorel<\/strong> como la gran figura con 26 puntos, <strong>Felipe Valsangiacomo<\/strong> con 10 y <strong>Juan Mart\u00edn Quiroz Solla<\/strong> con 9.<\/p>\n<p>Cabe se\u00f1alar que no fueron de la partida <strong>Fabio Gauto<\/strong> en Regatas Corrientes, y <strong>Franco M\u00e9ndez <\/strong>en San Mart\u00edn, que se encuentran disputando el Campeonato Sudamericano en Chile con la Selecci\u00f3n Nacional.<\/p>\n<div id='gallery-1' class='gallery galleryid-24027 gallery-columns-3 gallery-size-thumbnail'><figure class='gallery-item'>\n\t\t\t<div class='gallery-icon landscape'>\n\t\t\t\t<a href='https:\/\/crc.org.ar\/w\/wp-content\/uploads\/2019\/11\/U17-campeon2.jpeg'><img loading=\"lazy\" decoding=\"async\" width=\"150\" height=\"150\" src=\"https:\/\/crc.org.ar\/w\/wp-content\/uploads\/2019\/11\/U17-campeon2-150x150.jpeg\" class=\"attachment-thumbnail size-thumbnail\" alt=\"\" \/><\/a>\n\t\t\t<\/div><\/figure><figure class='gallery-item'>\n\t\t\t<div class='gallery-icon landscape'>\n\t\t\t\t<a href='https:\/\/crc.org.ar\/w\/wp-content\/uploads\/2019\/11\/U17-campeon-capitan.jpeg'><img loading=\"lazy\" decoding=\"async\" width=\"150\" height=\"150\" src=\"https:\/\/crc.org.ar\/w\/wp-content\/uploads\/2019\/11\/U17-campeon-capitan-150x150.jpeg\" class=\"attachment-thumbnail size-thumbnail\" alt=\"\" \/><\/a>\n\t\t\t<\/div><\/figure><figure class='gallery-item'>\n\t\t\t<div class='gallery-icon landscape'>\n\t\t\t\t<a href='https:\/\/crc.org.ar\/w\/wp-content\/uploads\/2019\/11\/U17-campeon6.jpeg'><img loading=\"lazy\" decoding=\"async\" width=\"150\" height=\"150\" src=\"https:\/\/crc.org.ar\/w\/wp-content\/uploads\/2019\/11\/U17-campeon6-150x150.jpeg\" class=\"attachment-thumbnail size-thumbnail\" alt=\"\" srcset=\"https:\/\/crc.org.ar\/w\/wp-content\/uploads\/2019\/11\/U17-campeon6-150x150.jpeg 150w, https:\/\/crc.org.ar\/w\/wp-content\/uploads\/2019\/11\/U17-campeon6-300x297.jpeg 300w, https:\/\/crc.org.ar\/w\/wp-content\/uploads\/2019\/11\/U17-campeon6-768x761.jpeg 768w, https:\/\/crc.org.ar\/w\/wp-content\/uploads\/2019\/11\/U17-campeon6.jpeg 833w\" sizes=\"(max-width: 150px) 100vw, 150px\" \/><\/a>\n\t\t\t<\/div><\/figure><figure class='gallery-item'>\n\t\t\t<div class='gallery-icon landscape'>\n\t\t\t\t<a href='https:\/\/crc.org.ar\/w\/wp-content\/uploads\/2019\/11\/U17-campeon5.jpeg'><img loading=\"lazy\" decoding=\"async\" width=\"150\" height=\"150\" src=\"https:\/\/crc.org.ar\/w\/wp-content\/uploads\/2019\/11\/U17-campeon5-150x150.jpeg\" class=\"attachment-thumbnail size-thumbnail\" alt=\"\" \/><\/a>\n\t\t\t<\/div><\/figure><figure class='gallery-item'>\n\t\t\t<div class='gallery-icon landscape'>\n\t\t\t\t<a href='https:\/\/crc.org.ar\/w\/wp-content\/uploads\/2019\/11\/U17-campeon4.jpeg'><img loading=\"lazy\" decoding=\"async\" width=\"150\" height=\"150\" src=\"https:\/\/crc.org.ar\/w\/wp-content\/uploads\/2019\/11\/U17-campeon4-150x150.jpeg\" class=\"attachment-thumbnail size-thumbnail\" alt=\"\" \/><\/a>\n\t\t\t<\/div><\/figure><figure class='gallery-item'>\n\t\t\t<div class='gallery-icon portrait'>\n\t\t\t\t<a href='https:\/\/crc.org.ar\/w\/wp-content\/uploads\/2019\/11\/U17-campeon3.jpeg'><img loading=\"lazy\" decoding=\"async\" width=\"150\" height=\"150\" src=\"https:\/\/crc.org.ar\/w\/wp-content\/uploads\/2019\/11\/U17-campeon3-150x150.jpeg\" class=\"attachment-thumbnail size-thumbnail\" alt=\"\" \/><\/a>\n\t\t\t<\/div><\/figure><figure class='gallery-item'>\n\t\t\t<div class='gallery-icon landscape'>\n\t\t\t\t<a href='https:\/\/crc.org.ar\/w\/wp-content\/uploads\/2019\/11\/clasico2-3.jpeg'><img loading=\"lazy\" decoding=\"async\" width=\"150\" height=\"150\" src=\"https:\/\/crc.org.ar\/w\/wp-content\/uploads\/2019\/11\/clasico2-3-150x150.jpeg\" class=\"attachment-thumbnail size-thumbnail\" alt=\"\" \/><\/a>\n\t\t\t<\/div><\/figure><figure class='gallery-item'>\n\t\t\t<div class='gallery-icon landscape'>\n\t\t\t\t<a href='https:\/\/crc.org.ar\/w\/wp-content\/uploads\/2019\/11\/clasico1-4.jpeg'><img loading=\"lazy\" decoding=\"async\" width=\"150\" height=\"150\" src=\"https:\/\/crc.org.ar\/w\/wp-content\/uploads\/2019\/11\/clasico1-4-150x150.jpeg\" class=\"attachment-thumbnail size-thumbnail\" alt=\"\" \/><\/a>\n\t\t\t<\/div><\/figure><figure class='gallery-item'>\n\t\t\t<div class='gallery-icon landscape'>\n\t\t\t\t<a href='https:\/\/crc.org.ar\/w\/wp-content\/uploads\/2019\/11\/U17-campeon1.jpeg'><img loading=\"lazy\" decoding=\"async\" width=\"150\" height=\"150\" src=\"https:\/\/crc.org.ar\/w\/wp-content\/uploads\/2019\/11\/U17-campeon1-150x150.jpeg\" class=\"attachment-thumbnail size-thumbnail\" alt=\"\" \/><\/a>\n\t\t\t<\/div><\/figure>\n\t\t<\/div>\n\n<p><strong>LO QUE VIENE<\/strong><\/p>\n<p>Ahora resta definir dos categor\u00edas, que son la U13 y la U19. U13, dirigido por <strong>Germ\u00e1n Rold\u00e1n,<\/strong> se encuentra 1 a 1 en la serie de la final frente\u00a0 a San Mart\u00edn, y el definitorio ser\u00e1 el martes 3 de diciembre en el Club Ping\u00fcinos.<\/p>\n<p>Por otro lado, los U19, a\u00fan esperan al vencedor de la otra semifinal, donde San Mart\u00edn y H\u00e9rcules empatan la serie 1 a 1, y definir\u00e1n el jueves en la noche<\/p>\n","protected":false},"excerpt":{"rendered":"<p>(Viernes 29 de noviembre de 2019). Despu\u00e9s del t\u00edtulo U15, los U17 de Regatas Corrientes no quisieron ser menos y tambi\u00e9n se coronaron al vencer a San Mart\u00edn en el \u201cFort\u00edn Rojinegro\u201d por un cerrado 71 a 69, transform\u00e1ndose en el segundo campe\u00f3n de las formativas de la ABCC en 2019. En el segundo turno &hellip;<\/p>\n","protected":false},"author":1,"featured_media":24031,"comment_status":"closed","ping_status":"closed","sticky":false,"template":"","format":"standard","meta":{"footnotes":""},"categories":[80,156],"tags":[],"_links":{"self":[{"href":"https:\/\/crc.org.ar\/w\/wp-json\/wp\/v2\/posts\/24027"}],"collection":[{"href":"https:\/\/crc.org.ar\/w\/wp-json\/wp\/v2\/posts"}],"about":[{"href":"https:\/\/crc.org.ar\/w\/wp-json\/wp\/v2\/types\/post"}],"author":[{"embeddable":true,"href":"https:\/\/crc.org.ar\/w\/wp-json\/wp\/v2\/users\/1"}],"replies":[{"embeddable":true,"href":"https:\/\/crc.org.ar\/w\/wp-json\/wp\/v2\/comments?post=24027"}],"version-history":[{"count":1,"href":"https:\/\/crc.org.ar\/w\/wp-json\/wp\/v2\/posts\/24027\/revisions"}],"predecessor-version":[{"id":24039,"href":"https:\/\/crc.org.ar\/w\/wp-json\/wp\/v2\/posts\/24027\/revisions\/24039"}],"wp:featuredmedia":[{"embeddable":true,"href":"https:\/\/crc.org.ar\/w\/wp-json\/wp\/v2\/media\/24031"}],"wp:attachment":[{"href":"https:\/\/crc.org.ar\/w\/wp-json\/wp\/v2\/media?parent=24027"}],"wp:term":[{"taxonomy":"category","embeddable":true,"href":"https:\/\/crc.org.ar\/w\/wp-json\/wp\/v2\/categories?post=24027"},{"taxonomy":"post_tag","embeddable":true,"href":"https:\/\/crc.org.ar\/w\/wp-json\/wp\/v2\/tags?post=24027"}],"curies":[{"name":"wp","href":"https:\/\/api.w.org\/{rel}","templated":true}]}}