{"id":24131,"date":"2019-12-02T15:05:14","date_gmt":"2019-12-02T18:05:14","guid":{"rendered":"https:\/\/crc.org.ar\/w\/?p=24131"},"modified":"2019-12-02T15:06:23","modified_gmt":"2019-12-02T18:06:23","slug":"alejandro-vera-medalla-de-bronce-en-el-campeonato-brasileno-en-rio-de-janeiro","status":"publish","type":"post","link":"https:\/\/crc.org.ar\/w\/alejandro-vera-medalla-de-bronce-en-el-campeonato-brasileno-en-rio-de-janeiro\/","title":{"rendered":"Alejandro Vera medalla de bronce en el Campeonato Brasile\u00f1o en R\u00edo de Janeiro"},"content":{"rendered":"<p>(Lunes 2 de diciembre de 2019). El remero del Club de Regatas Corrientes, <strong>Alejandro Vera<\/strong>, se colg\u00f3 la medalla de bronce en el Campeonato Brasile\u00f1o de Para-Remo 2019, en R\u00edo de Janeiro, en donde se llevar\u00e1 a cabo el \u00faltimo Repechaje para Tokio 2020.<\/p>\n<p><!--more--><\/p>\n<p><img loading=\"lazy\" decoding=\"async\" class=\"alignleft size-medium wp-image-24132\" src=\"https:\/\/crc.org.ar\/w\/wp-content\/uploads\/2019\/12\/Ale-Vera-300x300.jpg\" alt=\"\" width=\"300\" height=\"300\" srcset=\"https:\/\/crc.org.ar\/w\/wp-content\/uploads\/2019\/12\/Ale-Vera-300x300.jpg 300w, https:\/\/crc.org.ar\/w\/wp-content\/uploads\/2019\/12\/Ale-Vera-150x150.jpg 150w, https:\/\/crc.org.ar\/w\/wp-content\/uploads\/2019\/12\/Ale-Vera-768x768.jpg 768w, https:\/\/crc.org.ar\/w\/wp-content\/uploads\/2019\/12\/Ale-Vera.jpg 960w\" sizes=\"(max-width: 300px) 100vw, 300px\" \/>Con la participaci\u00f3n de m\u00e1s de cincuenta remeros de 16 clubes brasile\u00f1os, adem\u00e1s de invitados especiales de Argentina y M\u00e9xico entre otros, se llev\u00f3 a cabo el Campeonato Brasile\u00f1o de Para-Remo 2019, en Lagoa Rodrigo de Freitas, en R\u00edo de Janeiro.<\/p>\n<p>En la categor\u00eda PR1 M1X en la final \u201cA\u201d, el remero del Club de Regatas Corrientes, <strong>Alejandro Vera<\/strong>, finaliz\u00f3 en la tercera ubicaci\u00f3n, colg\u00e1ndose la medalla de bronce, con un tiempo de 12 minutos, 44 segundos y 07 cent\u00e9simas.<\/p>\n<p>El ganador de la prueba, que se disput\u00f3 el domingo, fue el brasile\u00f1o <strong>Ren\u00e9 Campos Santo<\/strong> con un registro de 11 minutos, 06 segundos, y 73 cent\u00e9simas; seguido por su compatriota <strong>Igor Ioshua Porto<\/strong> con una marca de 12 minutos, 31 segundos y 60 cent\u00e9simas.<\/p>\n<p>Una regata de 2000 metros, en donde Vera pele\u00f3 palmo a palmo la medalla de plata, cediendo ante el local reci\u00e9n en los metros finales, y postergando el podio al mexicano <strong>Michel Mu\u00f1oz Malag\u00f3n<\/strong> (13\u201929\u201d60\/100), que finalmente termin\u00f3 cuarto.<\/p>\n<p>Cabe se\u00f1alar que Vera accedi\u00f3 a la final, tras ganar la Eliminatoria 1, el pasado s\u00e1bado, con un tiempo de 10 minutos, 49 segundos y 49 cent\u00e9simas; inclusive siendo el segundo mejor clasificado detr\u00e1s de <strong>Ren\u00e9 Campos Santos<\/strong> (10:29:52), que gan\u00f3 la Eliminatoria 2.<\/p>\n<p>De esta forma, <strong>Alejandro Vera<\/strong> cerr\u00f3 de la mejor manera la concentraci\u00f3n de una semana en R\u00edo de Janeiro, en donde estuvo participando del campus de entrenamiento de FISA (Federaci\u00f3n Internacional de Remo).<\/p>\n<p>Con el objetivo siempre entre ceja y ceja el Campeonato Sudamericano de R\u00edo 2020, en donde se llevar\u00e1 a cabo el \u00faltimo Repechaje con un boleto para los Juegos Paral\u00edmpicos Tokio 2020.<\/p>\n","protected":false},"excerpt":{"rendered":"<p>(Lunes 2 de diciembre de 2019). El remero del Club de Regatas Corrientes, Alejandro Vera, se colg\u00f3 la medalla de bronce en el Campeonato Brasile\u00f1o de Para-Remo 2019, en R\u00edo de Janeiro, en donde se llevar\u00e1 a cabo el \u00faltimo Repechaje para Tokio 2020. Con la participaci\u00f3n de m\u00e1s de cincuenta remeros de 16 clubes &hellip;<\/p>\n","protected":false},"author":1,"featured_media":24134,"comment_status":"closed","ping_status":"closed","sticky":false,"template":"","format":"standard","meta":{"footnotes":""},"categories":[156,18],"tags":[],"_links":{"self":[{"href":"https:\/\/crc.org.ar\/w\/wp-json\/wp\/v2\/posts\/24131"}],"collection":[{"href":"https:\/\/crc.org.ar\/w\/wp-json\/wp\/v2\/posts"}],"about":[{"href":"https:\/\/crc.org.ar\/w\/wp-json\/wp\/v2\/types\/post"}],"author":[{"embeddable":true,"href":"https:\/\/crc.org.ar\/w\/wp-json\/wp\/v2\/users\/1"}],"replies":[{"embeddable":true,"href":"https:\/\/crc.org.ar\/w\/wp-json\/wp\/v2\/comments?post=24131"}],"version-history":[{"count":1,"href":"https:\/\/crc.org.ar\/w\/wp-json\/wp\/v2\/posts\/24131\/revisions"}],"predecessor-version":[{"id":24133,"href":"https:\/\/crc.org.ar\/w\/wp-json\/wp\/v2\/posts\/24131\/revisions\/24133"}],"wp:featuredmedia":[{"embeddable":true,"href":"https:\/\/crc.org.ar\/w\/wp-json\/wp\/v2\/media\/24134"}],"wp:attachment":[{"href":"https:\/\/crc.org.ar\/w\/wp-json\/wp\/v2\/media?parent=24131"}],"wp:term":[{"taxonomy":"category","embeddable":true,"href":"https:\/\/crc.org.ar\/w\/wp-json\/wp\/v2\/categories?post=24131"},{"taxonomy":"post_tag","embeddable":true,"href":"https:\/\/crc.org.ar\/w\/wp-json\/wp\/v2\/tags?post=24131"}],"curies":[{"name":"wp","href":"https:\/\/api.w.org\/{rel}","templated":true}]}}