{"id":24293,"date":"2019-12-07T18:07:39","date_gmt":"2019-12-07T21:07:39","guid":{"rendered":"https:\/\/crc.org.ar\/w\/?p=24293"},"modified":"2019-12-07T18:07:39","modified_gmt":"2019-12-07T21:07:39","slug":"lluvia-de-medallas-en-la-iii-edicion-del-sudamericano-en-maldonado","status":"publish","type":"post","link":"https:\/\/crc.org.ar\/w\/lluvia-de-medallas-en-la-iii-edicion-del-sudamericano-en-maldonado\/","title":{"rendered":"Lluvia de medallas en la III edici\u00f3n del Sudamericano en Maldonado"},"content":{"rendered":"<p>(S\u00e1bado 7 de diciembre de 2019). La delegaci\u00f3n de Corrientes, con representantes del club de Regatas, cosech\u00f3 infinidad de medallas en el III Campeonato Sudamericano de Karate ISKF, en el Campus de Maldonado, Uruguay. Adem\u00e1s particip\u00f3 del II M\u00e1ster Camp.<\/p>\n<p><!--more--><\/p>\n<p>En el Campus de Maldonado, en Uruguay, se llev\u00f3 a cabo el III Campeonato Sudamericano de Karate ISKF; adem\u00e1s del II M\u00e1ster Camp., en donde se present\u00f3 la Selecci\u00f3n Argentina, al frente del Sensei <strong>Eduardo Alonso<\/strong>.<\/p>\n<p>De la competencia fue de la partida una delegaci\u00f3n de Corrientes, con representantes del club de Regatas, bajo la conducci\u00f3n de los instructores <strong>Nicol\u00e1s Barrios Baranda <\/strong>y<strong> Agust\u00edn Zalazar<\/strong>; que integraron la Selecci\u00f3n Argentina.<\/p>\n<div id='gallery-1' class='gallery galleryid-24293 gallery-columns-6 gallery-size-thumbnail'><figure class='gallery-item'>\n\t\t\t<div class='gallery-icon portrait'>\n\t\t\t\t<a href='https:\/\/crc.org.ar\/w\/wp-content\/uploads\/2019\/12\/equipo-regatense-en-la-seleccion.jpg'><img loading=\"lazy\" decoding=\"async\" width=\"150\" height=\"150\" src=\"https:\/\/crc.org.ar\/w\/wp-content\/uploads\/2019\/12\/equipo-regatense-en-la-seleccion-150x150.jpg\" class=\"attachment-thumbnail size-thumbnail\" alt=\"\" \/><\/a>\n\t\t\t<\/div><\/figure><figure class='gallery-item'>\n\t\t\t<div class='gallery-icon portrait'>\n\t\t\t\t<a href='https:\/\/crc.org.ar\/w\/wp-content\/uploads\/2019\/12\/karate.jpg'><img loading=\"lazy\" decoding=\"async\" width=\"150\" height=\"150\" src=\"https:\/\/crc.org.ar\/w\/wp-content\/uploads\/2019\/12\/karate-150x150.jpg\" class=\"attachment-thumbnail size-thumbnail\" alt=\"\" \/><\/a>\n\t\t\t<\/div><\/figure><figure class='gallery-item'>\n\t\t\t<div class='gallery-icon landscape'>\n\t\t\t\t<a href='https:\/\/crc.org.ar\/w\/wp-content\/uploads\/2019\/12\/karate1.jpg'><img loading=\"lazy\" decoding=\"async\" width=\"150\" height=\"150\" src=\"https:\/\/crc.org.ar\/w\/wp-content\/uploads\/2019\/12\/karate1-150x150.jpg\" class=\"attachment-thumbnail size-thumbnail\" alt=\"\" \/><\/a>\n\t\t\t<\/div><\/figure><figure class='gallery-item'>\n\t\t\t<div class='gallery-icon portrait'>\n\t\t\t\t<a href='https:\/\/crc.org.ar\/w\/wp-content\/uploads\/2019\/12\/karate2.jpg'><img loading=\"lazy\" decoding=\"async\" width=\"150\" height=\"150\" src=\"https:\/\/crc.org.ar\/w\/wp-content\/uploads\/2019\/12\/karate2-150x150.jpg\" class=\"attachment-thumbnail size-thumbnail\" alt=\"\" \/><\/a>\n\t\t\t<\/div><\/figure><figure class='gallery-item'>\n\t\t\t<div class='gallery-icon landscape'>\n\t\t\t\t<a href='https:\/\/crc.org.ar\/w\/wp-content\/uploads\/2019\/12\/karate3.jpg'><img loading=\"lazy\" decoding=\"async\" width=\"150\" height=\"150\" src=\"https:\/\/crc.org.ar\/w\/wp-content\/uploads\/2019\/12\/karate3-150x150.jpg\" class=\"attachment-thumbnail size-thumbnail\" alt=\"\" \/><\/a>\n\t\t\t<\/div><\/figure><figure class='gallery-item'>\n\t\t\t<div class='gallery-icon landscape'>\n\t\t\t\t<a href='https:\/\/crc.org.ar\/w\/wp-content\/uploads\/2019\/12\/karate4.jpg'><img loading=\"lazy\" decoding=\"async\" width=\"150\" height=\"150\" src=\"https:\/\/crc.org.ar\/w\/wp-content\/uploads\/2019\/12\/karate4-150x150.jpg\" class=\"attachment-thumbnail size-thumbnail\" alt=\"\" \/><\/a>\n\t\t\t<\/div><\/figure><figure class='gallery-item'>\n\t\t\t<div class='gallery-icon landscape'>\n\t\t\t\t<a href='https:\/\/crc.org.ar\/w\/wp-content\/uploads\/2019\/12\/karate5.jpg'><img loading=\"lazy\" decoding=\"async\" width=\"150\" height=\"150\" src=\"https:\/\/crc.org.ar\/w\/wp-content\/uploads\/2019\/12\/karate5-150x150.jpg\" class=\"attachment-thumbnail size-thumbnail\" alt=\"\" \/><\/a>\n\t\t\t<\/div><\/figure><figure class='gallery-item'>\n\t\t\t<div class='gallery-icon landscape'>\n\t\t\t\t<a href='https:\/\/crc.org.ar\/w\/wp-content\/uploads\/2019\/12\/karate7.jpg'><img loading=\"lazy\" decoding=\"async\" width=\"150\" height=\"150\" src=\"https:\/\/crc.org.ar\/w\/wp-content\/uploads\/2019\/12\/karate7-150x150.jpg\" class=\"attachment-thumbnail size-thumbnail\" alt=\"\" \/><\/a>\n\t\t\t<\/div><\/figure><figure class='gallery-item'>\n\t\t\t<div class='gallery-icon landscape'>\n\t\t\t\t<a href='https:\/\/crc.org.ar\/w\/wp-content\/uploads\/2019\/12\/karate8.jpg'><img loading=\"lazy\" decoding=\"async\" width=\"150\" height=\"150\" src=\"https:\/\/crc.org.ar\/w\/wp-content\/uploads\/2019\/12\/karate8-150x150.jpg\" class=\"attachment-thumbnail size-thumbnail\" alt=\"\" \/><\/a>\n\t\t\t<\/div><\/figure><figure class='gallery-item'>\n\t\t\t<div class='gallery-icon landscape'>\n\t\t\t\t<a href='https:\/\/crc.org.ar\/w\/wp-content\/uploads\/2019\/12\/karate9.jpg'><img loading=\"lazy\" decoding=\"async\" width=\"150\" height=\"150\" src=\"https:\/\/crc.org.ar\/w\/wp-content\/uploads\/2019\/12\/karate9-150x150.jpg\" class=\"attachment-thumbnail size-thumbnail\" alt=\"\" \/><\/a>\n\t\t\t<\/div><\/figure><figure class='gallery-item'>\n\t\t\t<div class='gallery-icon portrait'>\n\t\t\t\t<a href='https:\/\/crc.org.ar\/w\/wp-content\/uploads\/2019\/12\/karate10.jpg'><img loading=\"lazy\" decoding=\"async\" width=\"150\" height=\"150\" src=\"https:\/\/crc.org.ar\/w\/wp-content\/uploads\/2019\/12\/karate10-150x150.jpg\" class=\"attachment-thumbnail size-thumbnail\" alt=\"\" \/><\/a>\n\t\t\t<\/div><\/figure><figure class='gallery-item'>\n\t\t\t<div class='gallery-icon landscape'>\n\t\t\t\t<a href='https:\/\/crc.org.ar\/w\/wp-content\/uploads\/2019\/12\/karate11.jpg'><img loading=\"lazy\" decoding=\"async\" width=\"150\" height=\"150\" src=\"https:\/\/crc.org.ar\/w\/wp-content\/uploads\/2019\/12\/karate11-150x150.jpg\" class=\"attachment-thumbnail size-thumbnail\" alt=\"\" \/><\/a>\n\t\t\t<\/div><\/figure><figure class='gallery-item'>\n\t\t\t<div class='gallery-icon landscape'>\n\t\t\t\t<a href='https:\/\/crc.org.ar\/w\/wp-content\/uploads\/2019\/12\/logros-regatenses.jpg'><img loading=\"lazy\" decoding=\"async\" width=\"150\" height=\"150\" src=\"https:\/\/crc.org.ar\/w\/wp-content\/uploads\/2019\/12\/logros-regatenses-150x150.jpg\" class=\"attachment-thumbnail size-thumbnail\" alt=\"\" \/><\/a>\n\t\t\t<\/div><\/figure><figure class='gallery-item'>\n\t\t\t<div class='gallery-icon landscape'>\n\t\t\t\t<a href='https:\/\/crc.org.ar\/w\/wp-content\/uploads\/2019\/12\/podio-kata-por-equipos.jpg'><img loading=\"lazy\" decoding=\"async\" width=\"150\" height=\"150\" src=\"https:\/\/crc.org.ar\/w\/wp-content\/uploads\/2019\/12\/podio-kata-por-equipos-150x150.jpg\" class=\"attachment-thumbnail size-thumbnail\" alt=\"\" \/><\/a>\n\t\t\t<\/div><\/figure><figure class='gallery-item'>\n\t\t\t<div class='gallery-icon landscape'>\n\t\t\t\t<a href='https:\/\/crc.org.ar\/w\/wp-content\/uploads\/2019\/12\/podio-kumite-por-equipo.jpg'><img loading=\"lazy\" decoding=\"async\" width=\"150\" height=\"150\" src=\"https:\/\/crc.org.ar\/w\/wp-content\/uploads\/2019\/12\/podio-kumite-por-equipo-150x150.jpg\" class=\"attachment-thumbnail size-thumbnail\" alt=\"\" \/><\/a>\n\t\t\t<\/div><\/figure><figure class='gallery-item'>\n\t\t\t<div class='gallery-icon landscape'>\n\t\t\t\t<a href='https:\/\/crc.org.ar\/w\/wp-content\/uploads\/2019\/12\/regatas-en-el-sudamericano.jpg'><img loading=\"lazy\" decoding=\"async\" width=\"150\" height=\"150\" src=\"https:\/\/crc.org.ar\/w\/wp-content\/uploads\/2019\/12\/regatas-en-el-sudamericano-150x150.jpg\" class=\"attachment-thumbnail size-thumbnail\" alt=\"\" \/><\/a>\n\t\t\t<\/div><\/figure><figure class='gallery-item'>\n\t\t\t<div class='gallery-icon landscape'>\n\t\t\t\t<a href='https:\/\/crc.org.ar\/w\/wp-content\/uploads\/2019\/12\/regatas-en-el-sudamericano2.jpg'><img loading=\"lazy\" decoding=\"async\" width=\"150\" height=\"150\" src=\"https:\/\/crc.org.ar\/w\/wp-content\/uploads\/2019\/12\/regatas-en-el-sudamericano2-150x150.jpg\" class=\"attachment-thumbnail size-thumbnail\" alt=\"\" \/><\/a>\n\t\t\t<\/div><\/figure><figure class='gallery-item'>\n\t\t\t<div class='gallery-icon landscape'>\n\t\t\t\t<a href='https:\/\/crc.org.ar\/w\/wp-content\/uploads\/2019\/12\/regatas-promocionales.jpg'><img loading=\"lazy\" decoding=\"async\" width=\"150\" height=\"150\" src=\"https:\/\/crc.org.ar\/w\/wp-content\/uploads\/2019\/12\/regatas-promocionales-150x150.jpg\" class=\"attachment-thumbnail size-thumbnail\" alt=\"\" \/><\/a>\n\t\t\t<\/div><\/figure>\n\t\t<\/div>\n\n<p>Los \u201cremeros\u201d, individualmente, lograron trece (13) medallas en el Sudamericano, con siete (7) medallas de oro, dos (2) de plata, y cuatro (4) de bronce, contribuyendo a que la Argentina se quede en lo m\u00e1s alto del medallero.<\/p>\n<p><strong>RESULTADOS<br \/>\n<\/strong><strong>PROMOCIONALES<\/strong><\/p>\n<p><strong>Santiago Ale Andersen<\/strong> campe\u00f3n Sudamericano en Kata, en la categor\u00eda hasta 10 a\u00f1os.<\/p>\n<p><strong>Bianca Santarossa<\/strong> campeona Sudamericana en kata y tercer puesto en kumite, en la categor\u00eda hasta 10 a\u00f1os<\/p>\n<p><strong>Sebasti\u00e1n Ale Andersen<\/strong> campe\u00f3n Sudamericano en Kata y tercer puesto en kumite, en la categor\u00eda hasta 11 a\u00f1os<\/p>\n<p><strong>Tisiano Molinas<\/strong> campe\u00f3n sudamericano en kata y kumite, en la categor\u00eda hata 15 a\u00f1os<\/p>\n<p><strong>CINTURONES MARRONES Y NEGROS<\/strong><\/p>\n<p><strong>Hern\u00e1n Fiorio<\/strong> campe\u00f3n Sudamericano en kata y tercer puesto en kumite, en la categor\u00eda hasta 13 a\u00f1os.<\/p>\n<p><strong>Sebasti\u00e1n Barrios<\/strong> subcampe\u00f3n Sudamericano en kata y tercer puesto en kumite, en la categor\u00eda hasta 15 a\u00f1os.<\/p>\n<p><strong>Joaqu\u00edn Barrios Baranda<\/strong> campe\u00f3n Sudamericano en kata, en la categor\u00eda Mayores &#8211; Intermedia de 18 a 21 a\u00f1os<\/p>\n<p><strong>Juan Cruz Barrios<\/strong> subcampe\u00f3n Sudamericano en kata, en la categor\u00eda Mayores &#8211; Intermedia de 18 a 21 a\u00f1os<\/p>\n<p><strong>POR EQUIPOS<\/strong><\/p>\n<p>En Kata por equipos, en la categor\u00eda Mayores 22 a 44 a\u00f1os Argentina present\u00f3 dos equipos, logrando el subcampeonato, con los representantes regatenses <strong>Agust\u00edn Zalazar, Nicol\u00e1s Barrios Baranda y Joaqu\u00edn Barrios Baranda<\/strong>. En tanto el otro equipo Nacional se consagr\u00f3 campe\u00f3n.<\/p>\n<p>En kumite, en tanto, el equipo Argentino logr\u00f3 la medalla de bronce, con un equipo integrado por <strong>Agust\u00edn Zalazar, Javier Fermani <\/strong>y<strong> Nicol\u00e1s Barrios Baranda<\/strong>. El campe\u00f3n fue Brasil, y segundo termin\u00f3 Uruguay.<\/p>\n<p>De esta manera la Argentina logr\u00f3 nuevamente el primer puesto en el medallero, seguido por Uruguay y tercero t\u00e9rmino Brasil, cerrando as\u00ed un Sudamericano en lo m\u00e1s alto y con presencia regatense.<\/p>\n<p>Tambi\u00e9n, para destacar, la participaci\u00f3n en los Seminarios, para seguir aprendiendo y perfeccion\u00e1ndose, a cargo de los maestros <strong>David Jones<\/strong> (VIII Dan); <strong>Edson Nakama<\/strong> (VII Dan); <strong>Hiroyoshi Okasaki<\/strong> (IX Dan); y <strong>Denis Houde<\/strong> (VII Dan).<\/p>\n","protected":false},"excerpt":{"rendered":"<p>(S\u00e1bado 7 de diciembre de 2019). La delegaci\u00f3n de Corrientes, con representantes del club de Regatas, cosech\u00f3 infinidad de medallas en el III Campeonato Sudamericano de Karate ISKF, en el Campus de Maldonado, Uruguay. Adem\u00e1s particip\u00f3 del II M\u00e1ster Camp. En el Campus de Maldonado, en Uruguay, se llev\u00f3 a cabo el III Campeonato Sudamericano &hellip;<\/p>\n","protected":false},"author":1,"featured_media":24307,"comment_status":"closed","ping_status":"closed","sticky":false,"template":"","format":"standard","meta":{"footnotes":""},"categories":[73,156],"tags":[],"_links":{"self":[{"href":"https:\/\/crc.org.ar\/w\/wp-json\/wp\/v2\/posts\/24293"}],"collection":[{"href":"https:\/\/crc.org.ar\/w\/wp-json\/wp\/v2\/posts"}],"about":[{"href":"https:\/\/crc.org.ar\/w\/wp-json\/wp\/v2\/types\/post"}],"author":[{"embeddable":true,"href":"https:\/\/crc.org.ar\/w\/wp-json\/wp\/v2\/users\/1"}],"replies":[{"embeddable":true,"href":"https:\/\/crc.org.ar\/w\/wp-json\/wp\/v2\/comments?post=24293"}],"version-history":[{"count":1,"href":"https:\/\/crc.org.ar\/w\/wp-json\/wp\/v2\/posts\/24293\/revisions"}],"predecessor-version":[{"id":24312,"href":"https:\/\/crc.org.ar\/w\/wp-json\/wp\/v2\/posts\/24293\/revisions\/24312"}],"wp:featuredmedia":[{"embeddable":true,"href":"https:\/\/crc.org.ar\/w\/wp-json\/wp\/v2\/media\/24307"}],"wp:attachment":[{"href":"https:\/\/crc.org.ar\/w\/wp-json\/wp\/v2\/media?parent=24293"}],"wp:term":[{"taxonomy":"category","embeddable":true,"href":"https:\/\/crc.org.ar\/w\/wp-json\/wp\/v2\/categories?post=24293"},{"taxonomy":"post_tag","embeddable":true,"href":"https:\/\/crc.org.ar\/w\/wp-json\/wp\/v2\/tags?post=24293"}],"curies":[{"name":"wp","href":"https:\/\/api.w.org\/{rel}","templated":true}]}}