{"id":2456,"date":"2017-05-23T18:57:05","date_gmt":"2017-05-23T21:57:05","guid":{"rendered":"http:\/\/www.crc.org.ar\/w\/?p=2456"},"modified":"2017-05-23T18:57:05","modified_gmt":"2017-05-23T21:57:05","slug":"nicolas-astorga-a-la-concentracion-nacional-selectivo-para-el-panamericano-de-cancun","status":"publish","type":"post","link":"https:\/\/crc.org.ar\/w\/nicolas-astorga-a-la-concentracion-nacional-selectivo-para-el-panamericano-de-cancun\/","title":{"rendered":"Nicol\u00e1s Astorga a la concentraci\u00f3n nacional, Selectivo para el Panamericano de Canc\u00fan"},"content":{"rendered":"<p>(Martes 23 de mayo de 2017). La noticia fue tan r\u00e1pida como contundente, el judoca del Club de Regatas Corrientes, Nicol\u00e1s Astorga, deber\u00e1 presentarse este mi\u00e9rcoles en C\u00f3rdoba para la concentraci\u00f3n nacional de las categor\u00edas Cadetes y Juniors, Selectivo para el Panamericano de Canc\u00fan 2017.<!--more--><img loading=\"lazy\" decoding=\"async\" class=\"alignleft size-medium wp-image-2457\" src=\"http:\/\/www.crc.org.ar\/w\/wp-content\/uploads\/2017\/05\/Tassano-Nicolas-Astorga2-300x188.jpg\" alt=\"\" width=\"300\" height=\"188\" srcset=\"https:\/\/crc.org.ar\/w\/wp-content\/uploads\/2017\/05\/Tassano-Nicolas-Astorga2-300x188.jpg 300w, https:\/\/crc.org.ar\/w\/wp-content\/uploads\/2017\/05\/Tassano-Nicolas-Astorga2.jpg 400w\" sizes=\"(max-width: 300px) 100vw, 300px\" \/>La noticia corri\u00f3 como \u201creguedero de p\u00f3lvora\u201d en el Club de Regatas Corrientes. Y si bien se intu\u00eda, por la calidad y antecedentes de su protagonista, el hecho de pasar de categor\u00eda dejaba un margen de duda.<\/p>\n<p>Sin embargo la Confederaci\u00f3n Argentina de Judo (CAJ) este lunes confirm\u00f3 al judoca del Club de Regatas Corrientes, Nicol\u00e1s Astorga, para sumarse a la concentraci\u00f3n Nacional en la categor\u00eda Juniors.<\/p>\n<p>El Campus de Entrenamiento de la CAJ, que comenzar\u00e1 este mi\u00e9rcoles y se prolongar\u00e1 hasta el domingo 28 de mayo, se llevar\u00e1 a cabo en Santa Mar\u00eda de Punilla, en la provincia de C\u00f3rdoba.<\/p>\n<p>La concentraci\u00f3n nacional, que como es tradicional tendr\u00e1 Tope Evaluativo, ser\u00e1 Selectivo para el Campeonato Panamericano Cadete y Junior que se llevar\u00e1 a cabo del 30 de junio al 1 de julio en Canc\u00fan, en el estado de Quintana Roo (M\u00e9xico).<\/p>\n<p>Ante esta convocatoria, Nicol\u00e1s Astorga, que debut\u00f3 en la categor\u00eda Juniors en la presente temporada, estar\u00e1 viajando este martes a \u00faltima hora rumbo a C\u00f3rdoba, para ponerse a disposici\u00f3n del cuerpo t\u00e9cnico nacional.<\/p>\n<p>Recordemos que recientemente Astorga viene de consagrarse campe\u00f3n en el Nacional Apertura 2017, que se llev\u00f3 a cabo recientemente en el complejo Deportivo \u201cAldo Cantoni\u201d de San Juan, en la categor\u00eda Kyu Graduado hasta 73 kilogramos.<\/p>\n<p>Anteriormente, en la categor\u00eda Cadetes, \u201cNico\u201d Astorga gan\u00f3 el Nacional Clausura 2015 en Concepci\u00f3n del Uruguay, el Tope Evaluativo 2016 en Regatas Corrientes, el Nacional Apertura 2016 en Catamarca y el Nacional Clausura 2016 en Mar del Plata.<\/p>\n<p>En medio de estos t\u00edtulos nacionales, que lo pusieron en el tope del ranking de la Confederaci\u00f3n Argentina de Judo (CAJ), Astorga se consagr\u00f3 subcampe\u00f3n Sudamericano en Villa Carlos Paz 2016.<\/p>\n<p>Ahora afrontar\u00e1 otro gran desaf\u00edo, pero en la categor\u00eda inmediata superior: Juniors, en donde ya tuvo su primera experiencia en San Juan y en donde demostr\u00f3, pese a su debut en la categor\u00eda, que est\u00e1 a la altura de las circunstancias y de all\u00ed su convocatoria.<\/p>\n","protected":false},"excerpt":{"rendered":"<p>(Martes 23 de mayo de 2017). La noticia fue tan r\u00e1pida como contundente, el judoca del Club de Regatas Corrientes, Nicol\u00e1s Astorga, deber\u00e1 presentarse este mi\u00e9rcoles en C\u00f3rdoba para la concentraci\u00f3n nacional de las categor\u00edas Cadetes y Juniors, Selectivo para el Panamericano de Canc\u00fan 2017.La noticia corri\u00f3 como \u201creguedero de p\u00f3lvora\u201d en el Club de &hellip;<\/p>\n","protected":false},"author":1,"featured_media":2457,"comment_status":"closed","ping_status":"open","sticky":false,"template":"","format":"standard","meta":{"footnotes":""},"categories":[72,17],"tags":[],"_links":{"self":[{"href":"https:\/\/crc.org.ar\/w\/wp-json\/wp\/v2\/posts\/2456"}],"collection":[{"href":"https:\/\/crc.org.ar\/w\/wp-json\/wp\/v2\/posts"}],"about":[{"href":"https:\/\/crc.org.ar\/w\/wp-json\/wp\/v2\/types\/post"}],"author":[{"embeddable":true,"href":"https:\/\/crc.org.ar\/w\/wp-json\/wp\/v2\/users\/1"}],"replies":[{"embeddable":true,"href":"https:\/\/crc.org.ar\/w\/wp-json\/wp\/v2\/comments?post=2456"}],"version-history":[{"count":1,"href":"https:\/\/crc.org.ar\/w\/wp-json\/wp\/v2\/posts\/2456\/revisions"}],"predecessor-version":[{"id":2458,"href":"https:\/\/crc.org.ar\/w\/wp-json\/wp\/v2\/posts\/2456\/revisions\/2458"}],"wp:featuredmedia":[{"embeddable":true,"href":"https:\/\/crc.org.ar\/w\/wp-json\/wp\/v2\/media\/2457"}],"wp:attachment":[{"href":"https:\/\/crc.org.ar\/w\/wp-json\/wp\/v2\/media?parent=2456"}],"wp:term":[{"taxonomy":"category","embeddable":true,"href":"https:\/\/crc.org.ar\/w\/wp-json\/wp\/v2\/categories?post=2456"},{"taxonomy":"post_tag","embeddable":true,"href":"https:\/\/crc.org.ar\/w\/wp-json\/wp\/v2\/tags?post=2456"}],"curies":[{"name":"wp","href":"https:\/\/api.w.org\/{rel}","templated":true}]}}