{"id":24616,"date":"2019-12-17T14:17:11","date_gmt":"2019-12-17T17:17:11","guid":{"rendered":"https:\/\/crc.org.ar\/w\/?p=24616"},"modified":"2019-12-17T14:17:11","modified_gmt":"2019-12-17T17:17:11","slug":"funciona-a-pleno-la-escuelita-de-tenis-de-mesa-regatense","status":"publish","type":"post","link":"https:\/\/crc.org.ar\/w\/funciona-a-pleno-la-escuelita-de-tenis-de-mesa-regatense\/","title":{"rendered":"Funciona a pleno la Escuelita  de tenis de mesa regatense"},"content":{"rendered":"<p>(Martes 17 de diciembre de 2019). Viene funcionando, con marcado \u00e9xito, la escuelita de tenis de mesa del Club de Regatas Corrientes, en el Sal\u00f3n de Usos M\u00faltiples (SUM) de la instituci\u00f3n, los d\u00edas martes, jueves y s\u00e1bados.<\/p>\n<p><!--more--><\/p>\n<p><img loading=\"lazy\" decoding=\"async\" class=\"alignleft size-medium wp-image-24617\" src=\"https:\/\/crc.org.ar\/w\/wp-content\/uploads\/2019\/12\/TdM-300x196.jpg\" alt=\"\" width=\"300\" height=\"196\" srcset=\"https:\/\/crc.org.ar\/w\/wp-content\/uploads\/2019\/12\/TdM-300x196.jpg 300w, https:\/\/crc.org.ar\/w\/wp-content\/uploads\/2019\/12\/TdM.jpg 448w\" sizes=\"(max-width: 300px) 100vw, 300px\" \/>La Direcci\u00f3n de Deportes del Club de Regatas Corrientes informa que la escuelita de tenis de mesa proseguir\u00e1 a lo largo de toda la temporada veraniega, debido al \u00e9xito manifiesto por la gran cantidad de alumnos.<\/p>\n<p>De esta manera la actividad, que se lleva a cabo en el Sal\u00f3n de Usos M\u00faltiples (SUM) de la instituci\u00f3n del parque Mitre, proseguir\u00e1 todos los martes, jueves y s\u00e1bado de 10 a 13 horas, a cargo del instructor <strong>Francisco Alberto Portillo.<\/strong><\/p>\n<p>Los interesados, personas de ambos sexos, desde ni\u00f1os a adultos, sin l\u00edmites de edad, pueden recabar m\u00e1s datos e informaci\u00f3n en el SUM, los martes, jueves y viernes de 10 a 13 horas, para hablar con el instructor Portillo; o bien pedir informes a <a href=\"mailto:portialbert05@hotmail.com\">portialbert05@hotmail.com<\/a><\/p>\n<p><strong>MAS HORARIOS<\/strong><\/p>\n<p>Recordemos tambi\u00e9n el horario especial de 22 a 24 horas, los lunes a jueves, siempre en el SUM regatense, para adultos principiantes, adelantados y hasta Federados que quieran ir mejorando su t\u00e9cnica individual.<\/p>\n<p>De esta manera el instructor <strong>Carlos N\u00fa\u00f1ez<\/strong>, de acuerdo al grado de avance de los adultos, va armando los grupos de trabajo cotidiano, implementando inclusive un entrenamiento f\u00edsico previo, de precalentamiento y estiramiento.<\/p>\n","protected":false},"excerpt":{"rendered":"<p>(Martes 17 de diciembre de 2019). Viene funcionando, con marcado \u00e9xito, la escuelita de tenis de mesa del Club de Regatas Corrientes, en el Sal\u00f3n de Usos M\u00faltiples (SUM) de la instituci\u00f3n, los d\u00edas martes, jueves y s\u00e1bados. La Direcci\u00f3n de Deportes del Club de Regatas Corrientes informa que la escuelita de tenis de mesa &hellip;<\/p>\n","protected":false},"author":1,"featured_media":24617,"comment_status":"closed","ping_status":"closed","sticky":false,"template":"","format":"standard","meta":{"footnotes":""},"categories":[156,13],"tags":[],"_links":{"self":[{"href":"https:\/\/crc.org.ar\/w\/wp-json\/wp\/v2\/posts\/24616"}],"collection":[{"href":"https:\/\/crc.org.ar\/w\/wp-json\/wp\/v2\/posts"}],"about":[{"href":"https:\/\/crc.org.ar\/w\/wp-json\/wp\/v2\/types\/post"}],"author":[{"embeddable":true,"href":"https:\/\/crc.org.ar\/w\/wp-json\/wp\/v2\/users\/1"}],"replies":[{"embeddable":true,"href":"https:\/\/crc.org.ar\/w\/wp-json\/wp\/v2\/comments?post=24616"}],"version-history":[{"count":1,"href":"https:\/\/crc.org.ar\/w\/wp-json\/wp\/v2\/posts\/24616\/revisions"}],"predecessor-version":[{"id":24618,"href":"https:\/\/crc.org.ar\/w\/wp-json\/wp\/v2\/posts\/24616\/revisions\/24618"}],"wp:featuredmedia":[{"embeddable":true,"href":"https:\/\/crc.org.ar\/w\/wp-json\/wp\/v2\/media\/24617"}],"wp:attachment":[{"href":"https:\/\/crc.org.ar\/w\/wp-json\/wp\/v2\/media?parent=24616"}],"wp:term":[{"taxonomy":"category","embeddable":true,"href":"https:\/\/crc.org.ar\/w\/wp-json\/wp\/v2\/categories?post=24616"},{"taxonomy":"post_tag","embeddable":true,"href":"https:\/\/crc.org.ar\/w\/wp-json\/wp\/v2\/tags?post=24616"}],"curies":[{"name":"wp","href":"https:\/\/api.w.org\/{rel}","templated":true}]}}