{"id":24629,"date":"2019-12-18T14:59:13","date_gmt":"2019-12-18T17:59:13","guid":{"rendered":"https:\/\/crc.org.ar\/w\/?p=24629"},"modified":"2019-12-18T14:59:13","modified_gmt":"2019-12-18T17:59:13","slug":"agostina-manzotti-al-selectivo-de-la-aara-en-nordelta","status":"publish","type":"post","link":"https:\/\/crc.org.ar\/w\/agostina-manzotti-al-selectivo-de-la-aara-en-nordelta\/","title":{"rendered":"Agostina Manzotti al Selectivo  de la AARA en Nordelta"},"content":{"rendered":"<p>(Mi\u00e9rcoles 18 de diciembre de 2019). Este viernes y s\u00e1bado en Nordelta la AARA realizar\u00e1 un Selectivo para conformar la Selecci\u00f3n Nacional Junior de remo 2020. All\u00ed estar\u00e1 la representante del Club de Regatas Corrientes, <strong>Agostina Manzotti<\/strong>.<\/p>\n<p><!--more--><\/p>\n<p><img loading=\"lazy\" decoding=\"async\" class=\"alignleft size-medium wp-image-24630\" src=\"https:\/\/crc.org.ar\/w\/wp-content\/uploads\/2019\/12\/Agostina-Manzotti-300x249.jpeg\" alt=\"\" width=\"300\" height=\"249\" srcset=\"https:\/\/crc.org.ar\/w\/wp-content\/uploads\/2019\/12\/Agostina-Manzotti-300x249.jpeg 300w, https:\/\/crc.org.ar\/w\/wp-content\/uploads\/2019\/12\/Agostina-Manzotti-768x636.jpeg 768w, https:\/\/crc.org.ar\/w\/wp-content\/uploads\/2019\/12\/Agostina-Manzotti.jpeg 770w\" sizes=\"(max-width: 300px) 100vw, 300px\" \/>La remera del Club de Regatas Corrientes, <strong>Agostina Manzotti<\/strong>, tendr\u00e1 una gran chance para integrar la Selecci\u00f3n Argentina Junior 2020, tras superar los test de rendimiento de noviembre y diciembre.<\/p>\n<p>Por tal motivo este viernes y s\u00e1bado, en la pista del Nordelta, tendr\u00e1 un Selectivo en agua, bajo la organizaci\u00f3n del cuerpo t\u00e9cnico de la Asociaci\u00f3n Argentina de Remo Amateur (AARA).<\/p>\n<p>Este viernes, <strong>Agostina Manzotti<\/strong>, de 17 a\u00f1os, tendr\u00e1 un evaluativo en single; en donde no s\u00f3lo se observar\u00e1 su tiempo en el agua, sino tambi\u00e9n su t\u00e9cnica. En tanto el s\u00e1bado la evaluaci\u00f3n ser\u00e1 en doble par y dos sin timonel.<\/p>\n<p>Por tal motivo, la joven remera del Club de Regatas Corrientes viaj\u00f3 este mi\u00e9rcoles a Buenos Aires acompa\u00f1ado por el coordinador de remo de la instituci\u00f3n remera <strong>Harris Gonz\u00e1lez Escobar.<\/strong><\/p>\n<p>\u201cLa verdad que fue todo muy r\u00e1pido. El s\u00e1bado pasado terminamos el test de diciembre, lo presentamos y ahora ya nos convocaron al Selectivo. As\u00ed que contento, ilusionado, igual que Agostina, pero tambi\u00e9n con los pies sobre la tierra\u201d, dijo el entrenador <strong>Gonz\u00e1lez Escobar. <\/strong><\/p>\n","protected":false},"excerpt":{"rendered":"<p>(Mi\u00e9rcoles 18 de diciembre de 2019). Este viernes y s\u00e1bado en Nordelta la AARA realizar\u00e1 un Selectivo para conformar la Selecci\u00f3n Nacional Junior de remo 2020. All\u00ed estar\u00e1 la representante del Club de Regatas Corrientes, Agostina Manzotti. La remera del Club de Regatas Corrientes, Agostina Manzotti, tendr\u00e1 una gran chance para integrar la Selecci\u00f3n Argentina &hellip;<\/p>\n","protected":false},"author":1,"featured_media":24631,"comment_status":"closed","ping_status":"closed","sticky":false,"template":"","format":"standard","meta":{"footnotes":""},"categories":[156,18],"tags":[],"_links":{"self":[{"href":"https:\/\/crc.org.ar\/w\/wp-json\/wp\/v2\/posts\/24629"}],"collection":[{"href":"https:\/\/crc.org.ar\/w\/wp-json\/wp\/v2\/posts"}],"about":[{"href":"https:\/\/crc.org.ar\/w\/wp-json\/wp\/v2\/types\/post"}],"author":[{"embeddable":true,"href":"https:\/\/crc.org.ar\/w\/wp-json\/wp\/v2\/users\/1"}],"replies":[{"embeddable":true,"href":"https:\/\/crc.org.ar\/w\/wp-json\/wp\/v2\/comments?post=24629"}],"version-history":[{"count":1,"href":"https:\/\/crc.org.ar\/w\/wp-json\/wp\/v2\/posts\/24629\/revisions"}],"predecessor-version":[{"id":24632,"href":"https:\/\/crc.org.ar\/w\/wp-json\/wp\/v2\/posts\/24629\/revisions\/24632"}],"wp:featuredmedia":[{"embeddable":true,"href":"https:\/\/crc.org.ar\/w\/wp-json\/wp\/v2\/media\/24631"}],"wp:attachment":[{"href":"https:\/\/crc.org.ar\/w\/wp-json\/wp\/v2\/media?parent=24629"}],"wp:term":[{"taxonomy":"category","embeddable":true,"href":"https:\/\/crc.org.ar\/w\/wp-json\/wp\/v2\/categories?post=24629"},{"taxonomy":"post_tag","embeddable":true,"href":"https:\/\/crc.org.ar\/w\/wp-json\/wp\/v2\/tags?post=24629"}],"curies":[{"name":"wp","href":"https:\/\/api.w.org\/{rel}","templated":true}]}}