{"id":24758,"date":"2019-12-23T15:06:49","date_gmt":"2019-12-23T18:06:49","guid":{"rendered":"https:\/\/crc.org.ar\/w\/?p=24758"},"modified":"2019-12-23T15:06:49","modified_gmt":"2019-12-23T18:06:49","slug":"estamos-en-un-nivel-competitivo-dijo-harris-gonzalez-escobar","status":"publish","type":"post","link":"https:\/\/crc.org.ar\/w\/estamos-en-un-nivel-competitivo-dijo-harris-gonzalez-escobar\/","title":{"rendered":"\u201cEstamos en un nivel competitivo\u201d,  dijo Harris Gonz\u00e1lez Escobar"},"content":{"rendered":"<p>(Lunes 23 de diciembre de 2019). La AARA realiz\u00f3 recientemente en Nordelta un Selectivo para ir delineando la Selecci\u00f3n Nacional Junior de remo 2020. All\u00ed estuvo la representante de Regatas Corrientes, <strong>Agostina Manzotti<\/strong>. \u201cEstamos en un nivel competitivo\u201d, dijo el coordinador regatense <strong>Harris Gonz\u00e1lez Escobar.<\/strong><\/p>\n<p><!--more--><\/p>\n<p><img loading=\"lazy\" decoding=\"async\" class=\"alignleft size-full wp-image-24760\" src=\"https:\/\/crc.org.ar\/w\/wp-content\/uploads\/2019\/12\/Agostina-Manzotti2.jpeg\" alt=\"\" width=\"389\" height=\"336\" srcset=\"https:\/\/crc.org.ar\/w\/wp-content\/uploads\/2019\/12\/Agostina-Manzotti2.jpeg 389w, https:\/\/crc.org.ar\/w\/wp-content\/uploads\/2019\/12\/Agostina-Manzotti2-300x259.jpeg 300w\" sizes=\"(max-width: 389px) 100vw, 389px\" \/>\u201cLo m\u00e1s importante en esta convocatoria es que el Club volvi\u00f3 a tener presencia en una evaluaci\u00f3n Nacional\u201d, comenz\u00f3 diciendo el coordinador regatense <strong>Harris Gonz\u00e1lez Escobar <\/strong>respecto a <strong>Agostina Manzotti<\/strong>, que fue evaluada recientemente en Nordelta.<\/p>\n<p>\u201cEstamos en un nivel competitivo. Agostina estuvo bien pese a que justo en su largada cambio el clima, y en la \u00faltima parte de la regata debi\u00f3 inclusive remar con vientos de hasta 60 kil\u00f3metros\u201d, sigui\u00f3 comentando Gonz\u00e1lez Escobar.<\/p>\n<p>\u201cDigamos tambi\u00e9n que en la concentraci\u00f3n hubo 105 nadadores de todo el pa\u00eds, 27 mujeres, 12 junior, por lo que estamos hablando de un grupo muy reducido y Regatas est\u00e1 en \u00e9l\u201d, se\u00f1al\u00f3 el coordinador y entrenador regatense.<\/p>\n<p>Recordemos que<strong> Agostina Manzotti<\/strong> (17 a\u00f1os)\u00a0 fue convocado al Selectivo, bajo la organizaci\u00f3n del cuerpo t\u00e9cnico de la Asociaci\u00f3n Argentina de Remo Amateur (AARA), tras superar los test de rendimiento de noviembre y diciembre.<\/p>\n<p>\u201cReitero lo m\u00e1s importante en esta convocatoria es que el Club volvi\u00f3 a tener presencia en una evaluaci\u00f3n Nacional, y que Agostina se encuentra en el proceso de Selecci\u00f3n\u201d, dijo <strong>Harris Gonz\u00e1lez Escobar <\/strong>para finalizar.<\/p>\n","protected":false},"excerpt":{"rendered":"<p>(Lunes 23 de diciembre de 2019). La AARA realiz\u00f3 recientemente en Nordelta un Selectivo para ir delineando la Selecci\u00f3n Nacional Junior de remo 2020. All\u00ed estuvo la representante de Regatas Corrientes, Agostina Manzotti. \u201cEstamos en un nivel competitivo\u201d, dijo el coordinador regatense Harris Gonz\u00e1lez Escobar. \u201cLo m\u00e1s importante en esta convocatoria es que el Club &hellip;<\/p>\n","protected":false},"author":1,"featured_media":24759,"comment_status":"closed","ping_status":"closed","sticky":false,"template":"","format":"standard","meta":{"footnotes":""},"categories":[156,18],"tags":[],"_links":{"self":[{"href":"https:\/\/crc.org.ar\/w\/wp-json\/wp\/v2\/posts\/24758"}],"collection":[{"href":"https:\/\/crc.org.ar\/w\/wp-json\/wp\/v2\/posts"}],"about":[{"href":"https:\/\/crc.org.ar\/w\/wp-json\/wp\/v2\/types\/post"}],"author":[{"embeddable":true,"href":"https:\/\/crc.org.ar\/w\/wp-json\/wp\/v2\/users\/1"}],"replies":[{"embeddable":true,"href":"https:\/\/crc.org.ar\/w\/wp-json\/wp\/v2\/comments?post=24758"}],"version-history":[{"count":1,"href":"https:\/\/crc.org.ar\/w\/wp-json\/wp\/v2\/posts\/24758\/revisions"}],"predecessor-version":[{"id":24761,"href":"https:\/\/crc.org.ar\/w\/wp-json\/wp\/v2\/posts\/24758\/revisions\/24761"}],"wp:featuredmedia":[{"embeddable":true,"href":"https:\/\/crc.org.ar\/w\/wp-json\/wp\/v2\/media\/24759"}],"wp:attachment":[{"href":"https:\/\/crc.org.ar\/w\/wp-json\/wp\/v2\/media?parent=24758"}],"wp:term":[{"taxonomy":"category","embeddable":true,"href":"https:\/\/crc.org.ar\/w\/wp-json\/wp\/v2\/categories?post=24758"},{"taxonomy":"post_tag","embeddable":true,"href":"https:\/\/crc.org.ar\/w\/wp-json\/wp\/v2\/tags?post=24758"}],"curies":[{"name":"wp","href":"https:\/\/api.w.org\/{rel}","templated":true}]}}