{"id":24961,"date":"2020-01-09T14:55:13","date_gmt":"2020-01-09T17:55:13","guid":{"rendered":"https:\/\/crc.org.ar\/w\/?p=24961"},"modified":"2020-01-09T14:55:13","modified_gmt":"2020-01-09T17:55:13","slug":"sigue-la-actividad-en-la-escuela-de-remo","status":"publish","type":"post","link":"https:\/\/crc.org.ar\/w\/sigue-la-actividad-en-la-escuela-de-remo\/","title":{"rendered":"Sigue la actividad en la Escuela de remo"},"content":{"rendered":"<p>(Jueves 9 de enero de 2020). De lunes a s\u00e1bados la Escuela de Remo de verano del Club de Regatas Corrientes se encuentra funcionando con ni\u00f1os y adolescentes. Para mayor informaci\u00f3n e inscripci\u00f3n dirigirse al galp\u00f3n de botes de la instituci\u00f3n.<\/p>\n<p><!--more--><\/p>\n<p><img loading=\"lazy\" decoding=\"async\" class=\"alignleft size-medium wp-image-24962\" src=\"https:\/\/crc.org.ar\/w\/wp-content\/uploads\/2020\/01\/remo-300x208.jpeg\" alt=\"\" width=\"300\" height=\"208\" srcset=\"https:\/\/crc.org.ar\/w\/wp-content\/uploads\/2020\/01\/remo-300x208.jpeg 300w, https:\/\/crc.org.ar\/w\/wp-content\/uploads\/2020\/01\/remo-110x75.jpeg 110w, https:\/\/crc.org.ar\/w\/wp-content\/uploads\/2020\/01\/remo.jpeg 448w\" sizes=\"(max-width: 300px) 100vw, 300px\" \/>Con marcado \u00e9xito se encuentra funcionando la Escuela de Remo de verano del Club de Regatas Corrientes; cuyas actividades se realizan de lunes a s\u00e1bados, con horarios tanto por la ma\u00f1ana como por la tarde.<\/p>\n<p><strong>DIAS Y HORARIOS<\/strong><\/p>\n<p>La actividad reservada tanto para ni\u00f1os como para ni\u00f1as de 10 a 14 a\u00f1os son los lunes, mi\u00e9rcoles y viernes. Por la ma\u00f1ana de 7 a 11 horas. En tanto por la tarde el horario es de 15.30 a 19.30.<\/p>\n<p>Mientras, la Escuelita para adolescentes, de 15 a 18 a\u00f1os siempre para ambos sexos, son los d\u00edas martes, jueves y s\u00e1bados, en los siguientes horarios: de 7 a 11 horas, los tres d\u00edas se\u00f1alados. Y por la tarde, de 15.30 a 19.30 horas, s\u00f3lo los martes y jueves.<\/p>\n<p>Es importante se\u00f1alar que las clases, por d\u00eda, tendr\u00e1n una duraci\u00f3n de 40 minutos, y ser\u00e1n exclusivamente por orden de llegada, sin excepci\u00f3n, de acuerdo a la disponibilidad de embarcaciones al momento.<\/p>\n<p><strong>OBJETIVOS <\/strong><\/p>\n<p>La Escuela de verano, tradicional en Regatas Corrientes, estar\u00e1 orientada, en principio, para que los interesados sepan remar, para disfrutar del r\u00edo y la naturaleza, y como actividad recreativa y de esparcimiento.<\/p>\n<p>Sin embargo todos aquellos que tengan condiciones y ganas, en su b\u00fasqueda de sumar j\u00f3venes a la actividad, el Club los invitar\u00e1 a incorporarse al pre plantel, para all\u00ed ver y potenciar sus destrezas.<\/p>\n<p>Todos aquellos que quieran tomar parte de las clases de remo, siempre con la condici\u00f3n indispensable que sepan nadar, se los invita a concurrir al \u201cgalp\u00f3n de botes\u201d de la instituci\u00f3n, en los horario se\u00f1alados.<\/p>\n<p><strong>CARNET DE REMO<\/strong><\/p>\n<p>En otro orden, se informa que para poder salir a remar todos los socios tendr\u00e1n que tener su carnet de remo habilitante. Los mismos se otorgaron tras realizar el curso correspondiente los d\u00edas mi\u00e9rcoles y s\u00e1bados.<\/p>\n<p>Los horarios de los cursos son: 7 a 9 horas, y de 18 a 19.30 horas los mi\u00e9rcoles. Y de 7 a 9 horas los d\u00edas s\u00e1bados, siempre en el sector de la instituci\u00f3n regatense, conocido como \u201cGalp\u00f3n de Botes\u201d.<\/p>\n<p>&nbsp;<\/p>\n","protected":false},"excerpt":{"rendered":"<p>(Jueves 9 de enero de 2020). De lunes a s\u00e1bados la Escuela de Remo de verano del Club de Regatas Corrientes se encuentra funcionando con ni\u00f1os y adolescentes. Para mayor informaci\u00f3n e inscripci\u00f3n dirigirse al galp\u00f3n de botes de la instituci\u00f3n. Con marcado \u00e9xito se encuentra funcionando la Escuela de Remo de verano del Club &hellip;<\/p>\n","protected":false},"author":1,"featured_media":24962,"comment_status":"closed","ping_status":"closed","sticky":false,"template":"","format":"standard","meta":{"footnotes":""},"categories":[156,18],"tags":[],"_links":{"self":[{"href":"https:\/\/crc.org.ar\/w\/wp-json\/wp\/v2\/posts\/24961"}],"collection":[{"href":"https:\/\/crc.org.ar\/w\/wp-json\/wp\/v2\/posts"}],"about":[{"href":"https:\/\/crc.org.ar\/w\/wp-json\/wp\/v2\/types\/post"}],"author":[{"embeddable":true,"href":"https:\/\/crc.org.ar\/w\/wp-json\/wp\/v2\/users\/1"}],"replies":[{"embeddable":true,"href":"https:\/\/crc.org.ar\/w\/wp-json\/wp\/v2\/comments?post=24961"}],"version-history":[{"count":1,"href":"https:\/\/crc.org.ar\/w\/wp-json\/wp\/v2\/posts\/24961\/revisions"}],"predecessor-version":[{"id":24963,"href":"https:\/\/crc.org.ar\/w\/wp-json\/wp\/v2\/posts\/24961\/revisions\/24963"}],"wp:featuredmedia":[{"embeddable":true,"href":"https:\/\/crc.org.ar\/w\/wp-json\/wp\/v2\/media\/24962"}],"wp:attachment":[{"href":"https:\/\/crc.org.ar\/w\/wp-json\/wp\/v2\/media?parent=24961"}],"wp:term":[{"taxonomy":"category","embeddable":true,"href":"https:\/\/crc.org.ar\/w\/wp-json\/wp\/v2\/categories?post=24961"},{"taxonomy":"post_tag","embeddable":true,"href":"https:\/\/crc.org.ar\/w\/wp-json\/wp\/v2\/tags?post=24961"}],"curies":[{"name":"wp","href":"https:\/\/api.w.org\/{rel}","templated":true}]}}