{"id":25347,"date":"2020-01-22T18:59:05","date_gmt":"2020-01-22T21:59:05","guid":{"rendered":"https:\/\/crc.org.ar\/w\/?p=25347"},"modified":"2020-01-22T18:59:05","modified_gmt":"2020-01-22T21:59:05","slug":"regatas-define-el-titulo-u19-de-la-abcc-frente-a-san-martin","status":"publish","type":"post","link":"https:\/\/crc.org.ar\/w\/regatas-define-el-titulo-u19-de-la-abcc-frente-a-san-martin\/","title":{"rendered":"Regatas define el t\u00edtulo U19 de la ABCC frente a San Mart\u00edn"},"content":{"rendered":"<p>(Mi\u00e9rcoles 22 de enero de 2020). Regatas Corrientes se mide frente a San Mart\u00edn para definir al campe\u00f3n del torneo de la ABCC de la categor\u00eda U19. Ser\u00e1 a \u00fanico partido en el \u201cFort\u00edn Rojinegro\u201d.<!--more--><\/p>\n<p>Este jueves, desde las 21:15, en el \u201cFort\u00edn Rojinegro\u201d, Regatas Corrientes y San Mart\u00edn se medir\u00e1n en la final del torneo de la Asociaci\u00f3n de B\u00e1squet de la Ciudad de Corrientes (ABCC) de la categor\u00eda U19, para definir al campe\u00f3n.<\/p>\n<p><img loading=\"lazy\" decoding=\"async\" class=\"size-medium wp-image-25348 alignleft\" src=\"https:\/\/crc.org.ar\/w\/wp-content\/uploads\/2020\/01\/U19-clasico-300x231.jpeg\" alt=\"\" width=\"300\" height=\"231\" srcset=\"https:\/\/crc.org.ar\/w\/wp-content\/uploads\/2020\/01\/U19-clasico-300x231.jpeg 300w, https:\/\/crc.org.ar\/w\/wp-content\/uploads\/2020\/01\/U19-clasico.jpeg 623w\" sizes=\"(max-width: 300px) 100vw, 300px\" \/>El torneo corresponde a la temporada 2019, que por cuestiones de tiempo no pudo jugarse el a\u00f1o pasado, y que ahora se definir\u00e1 con otro formato, a partido \u00fanico. Por lo tanto, el que se quede con la victoria, ser\u00e1 quien levante la copa de campe\u00f3n.<\/p>\n<p>Recordemos que los dirigidos por <strong>Juan Pablo Mascar\u00f3<\/strong>, llegaron a esta instancia como n\u00famero 1 de la fase puntuable, y en las semifinales se enfrentaron con Juventus, cerrando r\u00e1pidamente la serie por 2 a 0.<\/p>\n<p>os de calle Salta, hab\u00edan terminado segundos en la etapa regular, con la misma cantidad de puntos que su rival, pero con menos diferencia de goles. En la semifinal se midieron con H\u00e9rcules, en donde tuvieron que irse a un tercer juego, sellando el pase a la final 2 a 1.<\/p>\n<p>Cabe destacar que el \u201cFantasma\u201d se qued\u00f3 con todas las dem\u00e1s categor\u00edas de los torneos de la Asociaci\u00f3n capitalina, es decir U13, U15 y U17, venciendo en todas ellas a San Mart\u00edn en la final.<\/p>\n<p>En conclusi\u00f3n, promesa de gran partido en el \u201cFort\u00edn Rojinegro\u201d, el jueves a las 21:15, donde se llevar\u00e1 a cabo una nueva final, que tendr\u00e1 como protagonistas a los cl\u00e1sicos rivales del b\u00e1squetbol correntino, Regatas y San Mart\u00edn.<\/p>\n","protected":false},"excerpt":{"rendered":"<p>(Mi\u00e9rcoles 22 de enero de 2020). Regatas Corrientes se mide frente a San Mart\u00edn para definir al campe\u00f3n del torneo de la ABCC de la categor\u00eda U19. Ser\u00e1 a \u00fanico partido en el \u201cFort\u00edn Rojinegro\u201d. Este jueves, desde las 21:15, en el \u201cFort\u00edn Rojinegro\u201d, Regatas Corrientes y San Mart\u00edn se medir\u00e1n en la final del &hellip;<\/p>\n","protected":false},"author":6,"featured_media":25349,"comment_status":"closed","ping_status":"closed","sticky":false,"template":"","format":"standard","meta":{"footnotes":""},"categories":[80,156],"tags":[],"_links":{"self":[{"href":"https:\/\/crc.org.ar\/w\/wp-json\/wp\/v2\/posts\/25347"}],"collection":[{"href":"https:\/\/crc.org.ar\/w\/wp-json\/wp\/v2\/posts"}],"about":[{"href":"https:\/\/crc.org.ar\/w\/wp-json\/wp\/v2\/types\/post"}],"author":[{"embeddable":true,"href":"https:\/\/crc.org.ar\/w\/wp-json\/wp\/v2\/users\/6"}],"replies":[{"embeddable":true,"href":"https:\/\/crc.org.ar\/w\/wp-json\/wp\/v2\/comments?post=25347"}],"version-history":[{"count":1,"href":"https:\/\/crc.org.ar\/w\/wp-json\/wp\/v2\/posts\/25347\/revisions"}],"predecessor-version":[{"id":25350,"href":"https:\/\/crc.org.ar\/w\/wp-json\/wp\/v2\/posts\/25347\/revisions\/25350"}],"wp:featuredmedia":[{"embeddable":true,"href":"https:\/\/crc.org.ar\/w\/wp-json\/wp\/v2\/media\/25349"}],"wp:attachment":[{"href":"https:\/\/crc.org.ar\/w\/wp-json\/wp\/v2\/media?parent=25347"}],"wp:term":[{"taxonomy":"category","embeddable":true,"href":"https:\/\/crc.org.ar\/w\/wp-json\/wp\/v2\/categories?post=25347"},{"taxonomy":"post_tag","embeddable":true,"href":"https:\/\/crc.org.ar\/w\/wp-json\/wp\/v2\/tags?post=25347"}],"curies":[{"name":"wp","href":"https:\/\/api.w.org\/{rel}","templated":true}]}}