{"id":2566,"date":"2017-05-28T00:21:03","date_gmt":"2017-05-28T03:21:03","guid":{"rendered":"http:\/\/www.crc.org.ar\/w\/?p=2566"},"modified":"2017-05-28T00:21:03","modified_gmt":"2017-05-28T03:21:03","slug":"lisandro-arce-concentra-en-rosario-en-busca-de-su-gran-sueno","status":"publish","type":"post","link":"https:\/\/crc.org.ar\/w\/lisandro-arce-concentra-en-rosario-en-busca-de-su-gran-sueno\/","title":{"rendered":"Lisandro Arce concentra en Rosario en busca de su gran sue\u00f1o"},"content":{"rendered":"<p>(S\u00e1bado 27 de mayo de 2017). El remero del Club de Regatas Corrientes, Lisandro Arce, viaj\u00f3 este viernes a Rosario para concentrar y entrenar hasta el pr\u00f3ximo 16 de junio, de cara a la Evaluaci\u00f3n de la Selecci\u00f3n Nacional Junior, cerrada y de car\u00e1cter obligatorio, de la Asociaci\u00f3n Argentina de Remeros Aficionados (AARA).<!--more--><br \/>\n<img loading=\"lazy\" decoding=\"async\" class=\"alignleft size-medium wp-image-2567\" src=\"http:\/\/www.crc.org.ar\/w\/wp-content\/uploads\/2017\/05\/Lisandro-Arce_opt-241x300.jpg\" alt=\"\" width=\"241\" height=\"300\" srcset=\"https:\/\/crc.org.ar\/w\/wp-content\/uploads\/2017\/05\/Lisandro-Arce_opt-241x300.jpg 241w, https:\/\/crc.org.ar\/w\/wp-content\/uploads\/2017\/05\/Lisandro-Arce_opt.jpg 400w\" sizes=\"(max-width: 241px) 100vw, 241px\" \/>La Asociaci\u00f3n Argentina de Remeros Aficionados (AARA) dispuso para el 17 y 18 de junio pr\u00f3ximo, en la pista Nacional de Tigre, la Evaluaci\u00f3n de la Selecci\u00f3n Nacional Junior, cerrada y de car\u00e1cter obligatorio.<\/p>\n<p>La misma ser\u00e1 para determinar las tripulaciones para el Mundial Junior en Trakai, Lituania del 2 al 6 de agosto; el Henley de Canad\u00e1 del 6 al 13 de agosto; y los Juegos ODESUR de la Juventud, Chile del 30 de septiembre al 2 de octubre.<\/p>\n<p>Para este gran desaf\u00edo deber\u00e1 presentarse en la provincia de Buenos Aires, el remero del Club de Regatas Corrientes, Lisandro Arce, que integrar\u00e1 la tripulaci\u00f3n de un dos sin timonel junto al rosarino Ignacio Pacheco.<\/p>\n<p>Ante esta gran posibilidad, el entrenador del Club de Regatas Rosario, Gustavo Pacheco (padre de Ignacio), invit\u00f3 a Arce para entrenar en la ciudad santafesina y as\u00ed ir perfeccionando la tripulaci\u00f3n.<\/p>\n<p>Por tal motivo Arce, en una gran esfuerzo de toda \u00edndole, viaj\u00f3 este viernes a Rosario y desde este s\u00e1bado ya entrena con su compa\u00f1ero, bajo las ordenes de Gustavo Pacheco, reconocido y prestigioso entrenador regional y nacional.<\/p>\n<p>Indudablemente las condiciones, y las \u00faltimas performances de Lisandro Arce, lo llevaron a tener esta gran oportunidad, en un camino sacrificado y duro, en donde el remero regatense no baj\u00f3 los brazos ni en los peores momentos, cuando los tiempos no llegaban.<\/p>\n<p>El binomio Pacheco \u2013 Arce entrenar\u00e1 hasta el pr\u00f3ximo 16 de junio, oportunidad en que viajar\u00e1n a Tigre para la Evaluaci\u00f3n en la pista; y que no ser\u00e1 la \u00fanica, ya que el 20 deber\u00e1 tirar \u201cergo\u201d en Rosario.<\/p>\n<p>Pr\u00e1cticamente un mes, Lisandro Arce estar\u00e1 lejos de Corrientes, de su casa, pero apostando a su gran sue\u00f1o, al desaf\u00edo de integrar la Selecci\u00f3n Nacional, y si los resultados ayudan y los tiempos son elocuentes seguir apostando a los Juegos Ol\u00edmpicos de la Juventud, Buenos Aires 2018.<\/p>\n","protected":false},"excerpt":{"rendered":"<p>(S\u00e1bado 27 de mayo de 2017). El remero del Club de Regatas Corrientes, Lisandro Arce, viaj\u00f3 este viernes a Rosario para concentrar y entrenar hasta el pr\u00f3ximo 16 de junio, de cara a la Evaluaci\u00f3n de la Selecci\u00f3n Nacional Junior, cerrada y de car\u00e1cter obligatorio, de la Asociaci\u00f3n Argentina de Remeros Aficionados (AARA). La Asociaci\u00f3n &hellip;<\/p>\n","protected":false},"author":1,"featured_media":2567,"comment_status":"closed","ping_status":"open","sticky":false,"template":"","format":"standard","meta":{"footnotes":""},"categories":[18],"tags":[],"_links":{"self":[{"href":"https:\/\/crc.org.ar\/w\/wp-json\/wp\/v2\/posts\/2566"}],"collection":[{"href":"https:\/\/crc.org.ar\/w\/wp-json\/wp\/v2\/posts"}],"about":[{"href":"https:\/\/crc.org.ar\/w\/wp-json\/wp\/v2\/types\/post"}],"author":[{"embeddable":true,"href":"https:\/\/crc.org.ar\/w\/wp-json\/wp\/v2\/users\/1"}],"replies":[{"embeddable":true,"href":"https:\/\/crc.org.ar\/w\/wp-json\/wp\/v2\/comments?post=2566"}],"version-history":[{"count":1,"href":"https:\/\/crc.org.ar\/w\/wp-json\/wp\/v2\/posts\/2566\/revisions"}],"predecessor-version":[{"id":2568,"href":"https:\/\/crc.org.ar\/w\/wp-json\/wp\/v2\/posts\/2566\/revisions\/2568"}],"wp:featuredmedia":[{"embeddable":true,"href":"https:\/\/crc.org.ar\/w\/wp-json\/wp\/v2\/media\/2567"}],"wp:attachment":[{"href":"https:\/\/crc.org.ar\/w\/wp-json\/wp\/v2\/media?parent=2566"}],"wp:term":[{"taxonomy":"category","embeddable":true,"href":"https:\/\/crc.org.ar\/w\/wp-json\/wp\/v2\/categories?post=2566"},{"taxonomy":"post_tag","embeddable":true,"href":"https:\/\/crc.org.ar\/w\/wp-json\/wp\/v2\/tags?post=2566"}],"curies":[{"name":"wp","href":"https:\/\/api.w.org\/{rel}","templated":true}]}}