{"id":25745,"date":"2020-02-05T16:33:11","date_gmt":"2020-02-05T19:33:11","guid":{"rendered":"https:\/\/crc.org.ar\/w\/?p=25745"},"modified":"2020-02-05T16:33:11","modified_gmt":"2020-02-05T19:33:11","slug":"florencia-gonzalez-cabanas-se-sumo-al-equipo-de-remo-regatense","status":"publish","type":"post","link":"https:\/\/crc.org.ar\/w\/florencia-gonzalez-cabanas-se-sumo-al-equipo-de-remo-regatense\/","title":{"rendered":"Florencia Gonz\u00e1lez Caba\u00f1as se sum\u00f3 al equipo de remo regatense"},"content":{"rendered":"<p>(Mi\u00e9rcoles 5 de febrero de 2020). Con una mentalidad inclaudicable, <strong>Florencia Gonz\u00e1lez Caba\u00f1as <\/strong>descubri\u00f3 el remo, sus bondades, y despu\u00e9s de tres meses ya forma para del plantel de remo del Club de Regatas Corrientes, y de un insipiente equipo de para remo.<!--more--><\/p>\n<p><img loading=\"lazy\" decoding=\"async\" class=\"size-medium wp-image-25746 alignleft\" src=\"https:\/\/crc.org.ar\/w\/wp-content\/uploads\/2020\/02\/Flor-Gonzalez-Caba_as-225x300.jpg\" alt=\"\" width=\"225\" height=\"300\" srcset=\"https:\/\/crc.org.ar\/w\/wp-content\/uploads\/2020\/02\/Flor-Gonzalez-Caba_as-225x300.jpg 225w, https:\/\/crc.org.ar\/w\/wp-content\/uploads\/2020\/02\/Flor-Gonzalez-Caba_as.jpg 480w\" sizes=\"(max-width: 225px) 100vw, 225px\" \/>\u201cSi algo caracteriza a Florencia es que nunca baja los brazos, todo lo contrario. As\u00ed que yo dir\u00eda que el remo y ella congenian a la perfecci\u00f3n\u201d, dijo el entrenador de remo del Club de Regatas Corrientes, <strong>Harris Gonz\u00e1lez Escobar. <\/strong><\/p>\n<p>Hace poco m\u00e1s de tres meses que <strong>Florencia Gonz\u00e1lez Caba\u00f1as<\/strong> descubri\u00f3 el remo, sus bondades, y lenta pero progresivamente, de manera muy silenciosa, se fue familiarizando con el deporte hasta hacerlo suyo.<\/p>\n<p>No fue f\u00e1cil, ya que primero tuvo que mejorar su condici\u00f3n f\u00edsica, y lo sigue haciendo de manera sorprendente, y despu\u00e9s aprender la t\u00e9cnica del remado, sus secretos, aspecto que nunca termina de aprenderse y de perfeccionarse.<\/p>\n<p>Pero sobre todas las cosas, en otro gran desaf\u00edo en su vida, amigarse con su embarcaci\u00f3n y con la naturaleza, espec\u00edficamente con el r\u00edo Paran\u00e1. Y fiel a su personalidad y tenacidad no dudo, y ya se enganch\u00f3 con el deporte y es parte del plantel de remo regatense, y de un insipiente equipo de para remo.<\/p>\n<p>Pero <strong>Florencia Gonz\u00e1lez Caba\u00f1as<\/strong> tambi\u00e9n hace b\u00e1squetbol. Y sus condiciones la llevaron a la Selecci\u00f3n Argentina sobre silla de ruedas, con importantes logros internacionales. Inclusive, recientemente, form\u00f3 para de una concentraci\u00f3n en Cedima.<\/p>\n<p><img loading=\"lazy\" decoding=\"async\" class=\"alignright wp-image-25747 size-full\" src=\"https:\/\/crc.org.ar\/w\/wp-content\/uploads\/2020\/02\/Flor-Gonzalez-Caba_as1.jpg\" alt=\"\" width=\"640\" height=\"183\" srcset=\"https:\/\/crc.org.ar\/w\/wp-content\/uploads\/2020\/02\/Flor-Gonzalez-Caba_as1.jpg 640w, https:\/\/crc.org.ar\/w\/wp-content\/uploads\/2020\/02\/Flor-Gonzalez-Caba_as1-300x86.jpg 300w\" sizes=\"(max-width: 640px) 100vw, 640px\" \/>\u201cNos sirvi\u00f3 para entrenar y trabajar para el Campeonato Sudamericano de este a\u00f1o que es clasificatorio para la Copa Am\u00e9rica\u201d, explic\u00f3 el entrenador Nacional <strong>Carlos Cardarelli<\/strong>; que ya confirm\u00f3 otra convocatoria.<\/p>\n<p>En este sentido, la pr\u00f3xima concentraci\u00f3n Nacional ser\u00e1 en el mes curso y estar\u00e1 dividida en dos: las juveniles en Cedima, y el seleccionado mayor en el CeNARD; y all\u00ed nuevamente estar\u00e1 Gonz\u00e1lez Caba\u00f1as.<\/p>\n<p>\u201cNosotros no queremos que deje el b\u00e1squetbol, y menos el remo. Creo que los dos deportes se complementan a la perfecci\u00f3n. La condici\u00f3n f\u00edsica que le da el remo la mejora en el b\u00e1squet\u201d, continu\u00f3 Gonz\u00e1lez Escobar.<\/p>\n<p>Lo cierto es que hoy <strong>Florencia Gonz\u00e1lez Caba\u00f1as<\/strong> disfruta de la pr\u00e1ctica del remo y del contacto la naturaleza, bien cuidada. Conoce a la perfecci\u00f3n sus beneficios y las puertas que se le abren de cara al futuro, un futuro que, como marca su linaje, ser\u00e1 de protagonista.<\/p>\n","protected":false},"excerpt":{"rendered":"<p>(Mi\u00e9rcoles 5 de febrero de 2020). Con una mentalidad inclaudicable, Florencia Gonz\u00e1lez Caba\u00f1as descubri\u00f3 el remo, sus bondades, y despu\u00e9s de tres meses ya forma para del plantel de remo del Club de Regatas Corrientes, y de un insipiente equipo de para remo. \u201cSi algo caracteriza a Florencia es que nunca baja los brazos, todo &hellip;<\/p>\n","protected":false},"author":6,"featured_media":25749,"comment_status":"closed","ping_status":"closed","sticky":false,"template":"","format":"standard","meta":{"footnotes":""},"categories":[156,18],"tags":[],"_links":{"self":[{"href":"https:\/\/crc.org.ar\/w\/wp-json\/wp\/v2\/posts\/25745"}],"collection":[{"href":"https:\/\/crc.org.ar\/w\/wp-json\/wp\/v2\/posts"}],"about":[{"href":"https:\/\/crc.org.ar\/w\/wp-json\/wp\/v2\/types\/post"}],"author":[{"embeddable":true,"href":"https:\/\/crc.org.ar\/w\/wp-json\/wp\/v2\/users\/6"}],"replies":[{"embeddable":true,"href":"https:\/\/crc.org.ar\/w\/wp-json\/wp\/v2\/comments?post=25745"}],"version-history":[{"count":1,"href":"https:\/\/crc.org.ar\/w\/wp-json\/wp\/v2\/posts\/25745\/revisions"}],"predecessor-version":[{"id":25748,"href":"https:\/\/crc.org.ar\/w\/wp-json\/wp\/v2\/posts\/25745\/revisions\/25748"}],"wp:featuredmedia":[{"embeddable":true,"href":"https:\/\/crc.org.ar\/w\/wp-json\/wp\/v2\/media\/25749"}],"wp:attachment":[{"href":"https:\/\/crc.org.ar\/w\/wp-json\/wp\/v2\/media?parent=25745"}],"wp:term":[{"taxonomy":"category","embeddable":true,"href":"https:\/\/crc.org.ar\/w\/wp-json\/wp\/v2\/categories?post=25745"},{"taxonomy":"post_tag","embeddable":true,"href":"https:\/\/crc.org.ar\/w\/wp-json\/wp\/v2\/tags?post=25745"}],"curies":[{"name":"wp","href":"https:\/\/api.w.org\/{rel}","templated":true}]}}