{"id":25977,"date":"2020-02-13T16:17:59","date_gmt":"2020-02-13T19:17:59","guid":{"rendered":"https:\/\/crc.org.ar\/w\/?p=25977"},"modified":"2020-02-13T16:17:59","modified_gmt":"2020-02-13T19:17:59","slug":"alejandro-vera-con-la-mente-en-rio-de-janeiro-con-la-ilusion-en-tokio","status":"publish","type":"post","link":"https:\/\/crc.org.ar\/w\/alejandro-vera-con-la-mente-en-rio-de-janeiro-con-la-ilusion-en-tokio\/","title":{"rendered":"Alejandro Vera con la mente en R\u00edo de Janeiro, con la ilusi\u00f3n en Tokio"},"content":{"rendered":"<p>(Jueves 13 de febrero de 2020). El remero del Club de Regatas Corrientes, <strong>Alejandro Vera<\/strong>, viajar\u00e1 este martes a Buenos Aires para una nueva concentraci\u00f3n con la Selecci\u00f3n Nacional de remo Adaptado. Objetivo: Selectivo para Tokio 2020.<!--more--><\/p>\n<p><a href=\"https:\/\/crc.org.ar\/w\/wp-content\/uploads\/2020\/02\/Ale-Vera.jpg\"><img loading=\"lazy\" decoding=\"async\" class=\"alignright size-medium wp-image-25978\" src=\"https:\/\/crc.org.ar\/w\/wp-content\/uploads\/2020\/02\/Ale-Vera-274x300.jpg\" alt=\"\" width=\"274\" height=\"300\" srcset=\"https:\/\/crc.org.ar\/w\/wp-content\/uploads\/2020\/02\/Ale-Vera-274x300.jpg 274w, https:\/\/crc.org.ar\/w\/wp-content\/uploads\/2020\/02\/Ale-Vera.jpg 480w\" sizes=\"(max-width: 274px) 100vw, 274px\" \/><\/a>Despu\u00e9s de cuatro a\u00f1os de intenso e inclaudicable trabajo, de much\u00edsimos sacrificios y privaciones, finalmente el remero del Club de Regatas Corrientes, <strong>Alejandro Vera<\/strong>, tendr\u00e1 su gran chance de llegar a un Juego Para Ol\u00edmpico.<\/p>\n<p>El sue\u00f1o de <strong>\u201cAle\u201d Vera<\/strong> es una realidad, aunque a\u00fan queda un pelda\u00f1o por escalar, quiz\u00e1s el m\u00e1s dif\u00edcil, por todo lo que esta en juego, y por todo lo que significa. Es que estar en un Juego Ol\u00edmpico, Para Ol\u00edmpico en este caso, no es cosa de todos los d\u00edas.<\/p>\n<p>En cuatro a\u00f1os, de la nada ya que Vera remaba en los botes de paseo, se sucedieron sin soluci\u00f3n de continuidad campeonatos argentinos, sudamericanos, copas Am\u00e9rica, torneos internacionales y mundiales.<\/p>\n<p>Un recorrido que ya vale el aplauso y el reconocimiento, pero que el propio remero considera que no est\u00e1 cerrado, cumplido. \u201cSue\u00f1o con estar en Tokio 2020\u201d. Y la ilusi\u00f3n de Vera, es la de todo un Club, una Ciudad, una Provincia.<\/p>\n<p>La cita, de acuerdo al calendario Oficial 2020 aprobado por la Comisi\u00f3n T\u00e9cnica de la Asociaci\u00f3n Argentina de Remeros Aficionados (AARA), ser\u00e1 del 2 al 5 de abril en R\u00edo de Janeiro, Brasil, en donde estar\u00e1 en juego la Clasificaci\u00f3n para Tokio 2020.<\/p>\n<p>Por tal motivo, tras una primera concentraci\u00f3n en enero \u00faltimo, <strong>Alejandro Vera<\/strong> volver\u00e1 a concentrar con la Selecci\u00f3n Nacional a partir del pr\u00f3ximo 19 de febrero y hasta el fin de semana.<\/p>\n<p>De all\u00ed que el pr\u00f3ximo martes, estar\u00e1 viajando a Buenos Aires para encarar el \u00faltimo tramo de su Ciclo Para Ol\u00edmpico, siempre con exigencia m\u00e1xima, junto al entrenador en jefe del Seleccionado Argentino <strong>Esteban Briguglio<\/strong>.<\/p>\n","protected":false},"excerpt":{"rendered":"<p>(Jueves 13 de febrero de 2020). El remero del Club de Regatas Corrientes, Alejandro Vera, viajar\u00e1 este martes a Buenos Aires para una nueva concentraci\u00f3n con la Selecci\u00f3n Nacional de remo Adaptado. Objetivo: Selectivo para Tokio 2020. Despu\u00e9s de cuatro a\u00f1os de intenso e inclaudicable trabajo, de much\u00edsimos sacrificios y privaciones, finalmente el remero del &hellip;<\/p>\n","protected":false},"author":6,"featured_media":25979,"comment_status":"closed","ping_status":"closed","sticky":false,"template":"","format":"standard","meta":{"footnotes":""},"categories":[156,18],"tags":[],"_links":{"self":[{"href":"https:\/\/crc.org.ar\/w\/wp-json\/wp\/v2\/posts\/25977"}],"collection":[{"href":"https:\/\/crc.org.ar\/w\/wp-json\/wp\/v2\/posts"}],"about":[{"href":"https:\/\/crc.org.ar\/w\/wp-json\/wp\/v2\/types\/post"}],"author":[{"embeddable":true,"href":"https:\/\/crc.org.ar\/w\/wp-json\/wp\/v2\/users\/6"}],"replies":[{"embeddable":true,"href":"https:\/\/crc.org.ar\/w\/wp-json\/wp\/v2\/comments?post=25977"}],"version-history":[{"count":1,"href":"https:\/\/crc.org.ar\/w\/wp-json\/wp\/v2\/posts\/25977\/revisions"}],"predecessor-version":[{"id":25980,"href":"https:\/\/crc.org.ar\/w\/wp-json\/wp\/v2\/posts\/25977\/revisions\/25980"}],"wp:featuredmedia":[{"embeddable":true,"href":"https:\/\/crc.org.ar\/w\/wp-json\/wp\/v2\/media\/25979"}],"wp:attachment":[{"href":"https:\/\/crc.org.ar\/w\/wp-json\/wp\/v2\/media?parent=25977"}],"wp:term":[{"taxonomy":"category","embeddable":true,"href":"https:\/\/crc.org.ar\/w\/wp-json\/wp\/v2\/categories?post=25977"},{"taxonomy":"post_tag","embeddable":true,"href":"https:\/\/crc.org.ar\/w\/wp-json\/wp\/v2\/tags?post=25977"}],"curies":[{"name":"wp","href":"https:\/\/api.w.org\/{rel}","templated":true}]}}