{"id":26100,"date":"2020-02-18T16:01:08","date_gmt":"2020-02-18T19:01:08","guid":{"rendered":"https:\/\/crc.org.ar\/w\/?p=26100"},"modified":"2020-02-18T16:01:08","modified_gmt":"2020-02-18T19:01:08","slug":"este-sabado-se-disputara-la-regata-de-carnaval","status":"publish","type":"post","link":"https:\/\/crc.org.ar\/w\/este-sabado-se-disputara-la-regata-de-carnaval\/","title":{"rendered":"Este s\u00e1bado se disputar\u00e1 la Regata de Carnaval"},"content":{"rendered":"<p>(Martes 18 de febrero de 2020). Este s\u00e1bado se llevar\u00e1 a cabo la \u201cRegata de Carnaval\u201d, en el marco del calendario 2020 de remo del Club de Regatas Corrientes, a cargo del coordinador <strong>Harris Gonz\u00e1lez Escobar<\/strong>. Las inscripciones siguen abiertas hasta este mi\u00e9rcoles.<!--more--><\/p>\n<p><a href=\"https:\/\/crc.org.ar\/w\/wp-content\/uploads\/2020\/02\/remo-2020.jpeg\"><img loading=\"lazy\" decoding=\"async\" class=\"alignright size-medium wp-image-26101\" src=\"https:\/\/crc.org.ar\/w\/wp-content\/uploads\/2020\/02\/remo-2020-300x186.jpeg\" alt=\"\" width=\"300\" height=\"186\" srcset=\"https:\/\/crc.org.ar\/w\/wp-content\/uploads\/2020\/02\/remo-2020-300x186.jpeg 300w, https:\/\/crc.org.ar\/w\/wp-content\/uploads\/2020\/02\/remo-2020.jpeg 640w\" sizes=\"(max-width: 300px) 100vw, 300px\" \/><\/a>Con mucha expectativa, este s\u00e1bado se llevar\u00e1 a cabo la \u201cRegata de Carnaval\u201d, en el marco de la planificaci\u00f3n llevada adelante por el coordinador de remo del Club de Regatas Corrientes, <strong>Harris Gonz\u00e1lez Escobar<\/strong>.<\/p>\n<p>Por tal motivo las inscripciones siguen abiertas para participar de la competencia, hasta este mi\u00e9rcoles a las 20 horas en el galp\u00f3n de botes de la instituci\u00f3n, para as\u00ed terminar de conformar el programa y las embarcaciones.<\/p>\n<p>En principio, las embarcaciones que competir\u00e1n ser\u00e1n 2x, 1x, 2x paseo, parcito y 4+, en lo que seguramente ser\u00e1 la vedette de la competencia; siempre en la cancha preparada frente a la instituci\u00f3n regatense.<\/p>\n<p>Los participantes deber\u00e1n estar en el gal\u00f3n de botes a las 8 horas del d\u00eda s\u00e1bado, estando previsto comenzar la competencia a las 9 horas; con dos plateas de privilegio: la hist\u00f3rica punta Mitre, y las piletas de r\u00edo del Club \u201cremero\u201d.<\/p>\n<p>Por tal motivo est\u00e1n todos invitados a participar o presenciar la regata, que sigue buscando cautivar a los j\u00f3venes a la pr\u00e1ctica del remo, actividad que conjura el deporte con la naturaleza en el majestuoso r\u00edo Paran\u00e1.<\/p>\n","protected":false},"excerpt":{"rendered":"<p>(Martes 18 de febrero de 2020). Este s\u00e1bado se llevar\u00e1 a cabo la \u201cRegata de Carnaval\u201d, en el marco del calendario 2020 de remo del Club de Regatas Corrientes, a cargo del coordinador Harris Gonz\u00e1lez Escobar. Las inscripciones siguen abiertas hasta este mi\u00e9rcoles. Con mucha expectativa, este s\u00e1bado se llevar\u00e1 a cabo la \u201cRegata de &hellip;<\/p>\n","protected":false},"author":6,"featured_media":26101,"comment_status":"closed","ping_status":"closed","sticky":false,"template":"","format":"standard","meta":{"footnotes":""},"categories":[156,18],"tags":[],"_links":{"self":[{"href":"https:\/\/crc.org.ar\/w\/wp-json\/wp\/v2\/posts\/26100"}],"collection":[{"href":"https:\/\/crc.org.ar\/w\/wp-json\/wp\/v2\/posts"}],"about":[{"href":"https:\/\/crc.org.ar\/w\/wp-json\/wp\/v2\/types\/post"}],"author":[{"embeddable":true,"href":"https:\/\/crc.org.ar\/w\/wp-json\/wp\/v2\/users\/6"}],"replies":[{"embeddable":true,"href":"https:\/\/crc.org.ar\/w\/wp-json\/wp\/v2\/comments?post=26100"}],"version-history":[{"count":1,"href":"https:\/\/crc.org.ar\/w\/wp-json\/wp\/v2\/posts\/26100\/revisions"}],"predecessor-version":[{"id":26102,"href":"https:\/\/crc.org.ar\/w\/wp-json\/wp\/v2\/posts\/26100\/revisions\/26102"}],"wp:featuredmedia":[{"embeddable":true,"href":"https:\/\/crc.org.ar\/w\/wp-json\/wp\/v2\/media\/26101"}],"wp:attachment":[{"href":"https:\/\/crc.org.ar\/w\/wp-json\/wp\/v2\/media?parent=26100"}],"wp:term":[{"taxonomy":"category","embeddable":true,"href":"https:\/\/crc.org.ar\/w\/wp-json\/wp\/v2\/categories?post=26100"},{"taxonomy":"post_tag","embeddable":true,"href":"https:\/\/crc.org.ar\/w\/wp-json\/wp\/v2\/tags?post=26100"}],"curies":[{"name":"wp","href":"https:\/\/api.w.org\/{rel}","templated":true}]}}