{"id":26120,"date":"2020-02-19T14:29:56","date_gmt":"2020-02-19T17:29:56","guid":{"rendered":"https:\/\/crc.org.ar\/w\/?p=26120"},"modified":"2020-02-19T14:29:56","modified_gmt":"2020-02-19T17:29:56","slug":"alejandro-vera-concentra-con-la-seleccion","status":"publish","type":"post","link":"https:\/\/crc.org.ar\/w\/alejandro-vera-concentra-con-la-seleccion\/","title":{"rendered":"Alejandro Vera concentra con la Selecci\u00f3n"},"content":{"rendered":"<p>(Mi\u00e9rcoles 19 de febrero de 2020). El remero del Club de Regatas Corrientes, <strong>Alejandro Vera<\/strong>, se encuentra en Buenos Aires concentrado con la Selecci\u00f3n Nacional de remo Adaptado, previo al \u00faltimo Selectivo en R\u00edo de Janeiro para Tokio 2020.<!--more--><\/p>\n<p><a href=\"https:\/\/crc.org.ar\/w\/wp-content\/uploads\/2020\/02\/Ale-Vera1.jpg\"><img loading=\"lazy\" decoding=\"async\" class=\"size-medium wp-image-26121 alignleft\" src=\"https:\/\/crc.org.ar\/w\/wp-content\/uploads\/2020\/02\/Ale-Vera1-300x300.jpg\" alt=\"\" width=\"300\" height=\"300\" srcset=\"https:\/\/crc.org.ar\/w\/wp-content\/uploads\/2020\/02\/Ale-Vera1-300x300.jpg 300w, https:\/\/crc.org.ar\/w\/wp-content\/uploads\/2020\/02\/Ale-Vera1-150x150.jpg 150w, https:\/\/crc.org.ar\/w\/wp-content\/uploads\/2020\/02\/Ale-Vera1.jpg 480w\" sizes=\"(max-width: 300px) 100vw, 300px\" \/><\/a>El remero del Club de Regatas Corrientes, <strong>Alejandro Vera<\/strong>, desde este mi\u00e9rcoles y hasta este domingo, se encuentra concentrado en Buenos Aires con la Selecci\u00f3n Nacional de remo Adaptado.<\/p>\n<p>El trabajo, a cargo del entrenador en jefe del Seleccionado Argentino <strong>Esteban Briguglio<\/strong>, ser\u00e1 junto al Seleccionado de remo convencional, siempre de la Asociaci\u00f3n Argentina de Remeros Aficionados (AARA).<\/p>\n<p>El objetivo de la concentraci\u00f3n, la segunda de 2020 ya que en enero se realiz\u00f3 la primera, es seguir trabajando con vistas al Campeonato Sudamericano y especialmente al \u00faltimo Selectivo para los Juegos Para Ol\u00edmpicos, Tokio 2020.<\/p>\n<p>Recordemos que la cita, de acuerdo al calendario Oficial 2020 aprobado por la Comisi\u00f3n T\u00e9cnica de la AARA, ser\u00e1 del 2 al 5 de abril en R\u00edo de Janeiro, Brasil, en donde estar\u00e1 en juego la so\u00f1ada clasificaci\u00f3n.<\/p>\n<p>El entrenamiento, seg\u00fan confirm\u00f3 <strong>Alejandro Vera<\/strong> antes de viajar a Buenos Aires se concentrar\u00e1 en agua, en Nordelta, complemento, nataci\u00f3n, hambike, y remoerg\u00f3metro, y charlas con el equipo m\u00e9dico de la AARA, especialmente de psic\u00f3logo.<\/p>\n","protected":false},"excerpt":{"rendered":"<p>(Mi\u00e9rcoles 19 de febrero de 2020). El remero del Club de Regatas Corrientes, Alejandro Vera, se encuentra en Buenos Aires concentrado con la Selecci\u00f3n Nacional de remo Adaptado, previo al \u00faltimo Selectivo en R\u00edo de Janeiro para Tokio 2020. El remero del Club de Regatas Corrientes, Alejandro Vera, desde este mi\u00e9rcoles y hasta este domingo, &hellip;<\/p>\n","protected":false},"author":6,"featured_media":26122,"comment_status":"closed","ping_status":"closed","sticky":false,"template":"","format":"standard","meta":{"footnotes":""},"categories":[156,18],"tags":[],"_links":{"self":[{"href":"https:\/\/crc.org.ar\/w\/wp-json\/wp\/v2\/posts\/26120"}],"collection":[{"href":"https:\/\/crc.org.ar\/w\/wp-json\/wp\/v2\/posts"}],"about":[{"href":"https:\/\/crc.org.ar\/w\/wp-json\/wp\/v2\/types\/post"}],"author":[{"embeddable":true,"href":"https:\/\/crc.org.ar\/w\/wp-json\/wp\/v2\/users\/6"}],"replies":[{"embeddable":true,"href":"https:\/\/crc.org.ar\/w\/wp-json\/wp\/v2\/comments?post=26120"}],"version-history":[{"count":1,"href":"https:\/\/crc.org.ar\/w\/wp-json\/wp\/v2\/posts\/26120\/revisions"}],"predecessor-version":[{"id":26123,"href":"https:\/\/crc.org.ar\/w\/wp-json\/wp\/v2\/posts\/26120\/revisions\/26123"}],"wp:featuredmedia":[{"embeddable":true,"href":"https:\/\/crc.org.ar\/w\/wp-json\/wp\/v2\/media\/26122"}],"wp:attachment":[{"href":"https:\/\/crc.org.ar\/w\/wp-json\/wp\/v2\/media?parent=26120"}],"wp:term":[{"taxonomy":"category","embeddable":true,"href":"https:\/\/crc.org.ar\/w\/wp-json\/wp\/v2\/categories?post=26120"},{"taxonomy":"post_tag","embeddable":true,"href":"https:\/\/crc.org.ar\/w\/wp-json\/wp\/v2\/tags?post=26120"}],"curies":[{"name":"wp","href":"https:\/\/api.w.org\/{rel}","templated":true}]}}