{"id":26165,"date":"2020-02-21T23:56:53","date_gmt":"2020-02-22T02:56:53","guid":{"rendered":"https:\/\/crc.org.ar\/w\/?p=26165"},"modified":"2020-02-23T20:33:03","modified_gmt":"2020-02-23T23:33:03","slug":"regata-tendra-su-carnaval-propio","status":"publish","type":"post","link":"https:\/\/crc.org.ar\/w\/regata-tendra-su-carnaval-propio\/","title":{"rendered":"Regata tendr\u00e1 su carnaval propio"},"content":{"rendered":"<p>(Martes 18 de febrero de 2020). Desde las 9 horas, este s\u00e1bado se llevar\u00e1 a cabo la \u201cRegata de Carnaval\u201d de remo, en el marco del calendario 2020 de la disciplina del Club de Regatas Corrientes, a cargo del coordinador <strong>Harris Gonz\u00e1lez Escobar<\/strong>.<!--more--><\/p>\n<p><a href=\"https:\/\/crc.org.ar\/w\/wp-content\/uploads\/2020\/02\/remo-2020-2.jpeg\"><img loading=\"lazy\" decoding=\"async\" class=\"size-medium wp-image-26166 alignleft\" src=\"https:\/\/crc.org.ar\/w\/wp-content\/uploads\/2020\/02\/remo-2020-2-300x191.jpeg\" alt=\"\" width=\"300\" height=\"191\" srcset=\"https:\/\/crc.org.ar\/w\/wp-content\/uploads\/2020\/02\/remo-2020-2-300x191.jpeg 300w, https:\/\/crc.org.ar\/w\/wp-content\/uploads\/2020\/02\/remo-2020-2.jpeg 640w\" sizes=\"(max-width: 300px) 100vw, 300px\" \/><\/a>Con la regata 2x paseo femenino abierto, dar\u00e1 inicio este s\u00e1bado la \u201cRegata de Carnaval\u201d, en el marco de la planificaci\u00f3n llevada adelante por el coordinador de remo del Club de Regatas Corrientes, <strong>Harris Gonz\u00e1lez Escobar<\/strong>.<\/p>\n<p>Para dar cumplimiento al programa, los participantes deber\u00e1n estar en el gal\u00f3n de botes a las 8 horas, estando previsto comenzar la competencia a las 9 horas; con dos plateas de privilegio: la hist\u00f3rica punta Mitre, y las piletas de r\u00edo del Club \u201cremero\u201d.<\/p>\n<p>Tras la primer competencia, se anuncia la regata 4+ clinker promocional (2da. regata), como as\u00ed tambi\u00e9n un 4+ clinker abierto masculino (6ta. regata), y un 4+ clinker mixto (10ms. Regata), en lo que ser\u00e1n seguramente grandes atracciones de la jornada.<\/p>\n<p>Aunque tambi\u00e9n se anuncian el desaf\u00edo en 1x masculino y el desaf\u00edo en 2x femenino, en lo que ser\u00e1n la pen\u00faltima y \u00faltima competencia de la jornada sabatina, en un programa que tendr\u00e1 catorce (14) competencias.<\/p>\n<p><strong>PROGRAMA<\/strong><\/p>\n<p>Regata 1: 2x paseo femenino\u00a0 abierto<\/p>\n<p>Regata 2: 4+ clinker promocional<\/p>\n<p>Regata 3: parcito menor promocional serie 1<\/p>\n<p>Regata 4: 2x paseo escuela masculino<\/p>\n<p>Regata 5: parcito menor promocional serie2<\/p>\n<p>Regata 6: 4+ clinker abierto masculino<\/p>\n<p>Regata 7: 2x paseo masculino abierto serie 1<\/p>\n<p>Regata 8: parcito escuela menor femenino<\/p>\n<p>Regata 9: 2x paseo promocional masculino<\/p>\n<p>Regata 10: 4+ clinker mixto<\/p>\n<p>Regata 11: parcito promocional femenino<\/p>\n<p>Regata 12: 2x paseo masculino abierto serie 2<\/p>\n<p>Regata 13: desaf\u00edo en 1x masculino<\/p>\n<p>Regata 14: desaf\u00edo en 2x femenino<\/p>\n<p>Est\u00e1n todos invitados a participar o presenciar la regata, que sigue buscando cautivar a los j\u00f3venes a la pr\u00e1ctica del remo, actividad que conjura el deporte con la naturaleza en el majestuoso r\u00edo Paran\u00e1.<\/p>\n","protected":false},"excerpt":{"rendered":"<p>(Martes 18 de febrero de 2020). Desde las 9 horas, este s\u00e1bado se llevar\u00e1 a cabo la \u201cRegata de Carnaval\u201d de remo, en el marco del calendario 2020 de la disciplina del Club de Regatas Corrientes, a cargo del coordinador Harris Gonz\u00e1lez Escobar. Con la regata 2x paseo femenino abierto, dar\u00e1 inicio este s\u00e1bado la &hellip;<\/p>\n","protected":false},"author":6,"featured_media":26167,"comment_status":"closed","ping_status":"closed","sticky":false,"template":"","format":"standard","meta":{"footnotes":""},"categories":[18],"tags":[],"_links":{"self":[{"href":"https:\/\/crc.org.ar\/w\/wp-json\/wp\/v2\/posts\/26165"}],"collection":[{"href":"https:\/\/crc.org.ar\/w\/wp-json\/wp\/v2\/posts"}],"about":[{"href":"https:\/\/crc.org.ar\/w\/wp-json\/wp\/v2\/types\/post"}],"author":[{"embeddable":true,"href":"https:\/\/crc.org.ar\/w\/wp-json\/wp\/v2\/users\/6"}],"replies":[{"embeddable":true,"href":"https:\/\/crc.org.ar\/w\/wp-json\/wp\/v2\/comments?post=26165"}],"version-history":[{"count":1,"href":"https:\/\/crc.org.ar\/w\/wp-json\/wp\/v2\/posts\/26165\/revisions"}],"predecessor-version":[{"id":26168,"href":"https:\/\/crc.org.ar\/w\/wp-json\/wp\/v2\/posts\/26165\/revisions\/26168"}],"wp:featuredmedia":[{"embeddable":true,"href":"https:\/\/crc.org.ar\/w\/wp-json\/wp\/v2\/media\/26167"}],"wp:attachment":[{"href":"https:\/\/crc.org.ar\/w\/wp-json\/wp\/v2\/media?parent=26165"}],"wp:term":[{"taxonomy":"category","embeddable":true,"href":"https:\/\/crc.org.ar\/w\/wp-json\/wp\/v2\/categories?post=26165"},{"taxonomy":"post_tag","embeddable":true,"href":"https:\/\/crc.org.ar\/w\/wp-json\/wp\/v2\/tags?post=26165"}],"curies":[{"name":"wp","href":"https:\/\/api.w.org\/{rel}","templated":true}]}}