{"id":26176,"date":"2020-02-23T20:30:15","date_gmt":"2020-02-23T23:30:15","guid":{"rendered":"https:\/\/crc.org.ar\/w\/?p=26176"},"modified":"2020-02-23T20:30:15","modified_gmt":"2020-02-23T23:30:15","slug":"el-remo-regatense-tuvo-su-carnaval-propio","status":"publish","type":"post","link":"https:\/\/crc.org.ar\/w\/el-remo-regatense-tuvo-su-carnaval-propio\/","title":{"rendered":"El remo regatense tuvo su carnaval propio"},"content":{"rendered":"<p>(Domingo 23 de febrero de 2020). En una jornada espectacular, el pasado s\u00e1bado se llev\u00f3 a cabo la \u201cRegata de Carnaval\u201d de remo del Club de Regatas Corrientes. Once regatas le dieron vida a una verdadera fiesta en el r\u00edo Paran\u00e1.<!--more--><\/p>\n<p>Con la vuelta de dos eximias, como lo son <strong>Andrea Tiscornia <\/strong>y<strong> Camila Cabrera<\/strong>, y ganando la primera regata de la jornada sabatina, comenz\u00f3 la \u201cRegata de Carnaval\u201d del Club de Regatas Corrientes, bajo la coordinaci\u00f3n del entrenador <strong>Harris Gonz\u00e1lez Escobar.<\/strong><\/p>\n<p>Una verdadera fiesta, sin avenida, sin lentejuelas, sin plumas, sin nieve, pero en el majestuoso r\u00edo Paran\u00e1, con botes, con remos, con mucha adrenalina y felicidad, y fundamentalmente con el acompa\u00f1amiento del clima que hizo que la jornada sea sencillamente espectacular.<\/p>\n<p>Tras las primeras regatas, fue el turno de la 4, para un 4+ clinker promocional, en la primera gran atracci\u00f3n de la tarde que tuvo como jueces de largada a <strong>Sebasti\u00e1n Bajac<\/strong> y de llegada a <strong>Diego Romero<\/strong>. La misma qued\u00f3 en poder de <strong>Francisco Garc\u00eda, Octavio Kriskovich, Lucas Ercolani, Santiago Molines, y Felicitas Arce Mari\u00f1o<\/strong> (timonel).<\/p>\n<p>Y en esa misma tonalidad, la regata 9 (4+ clinker masculino) que qued\u00f3 en poder de<strong> Fabi\u00e1n Arengo, Jos\u00e9 L\u00f3pez, Maximiliano Marinoff, Diego Moreira, y Cruz Rodr\u00edguez (timonel),<\/strong> y la 11 (4+ clinker femenino) que ganaron <strong>Agostina Manzotti, Natalia Ch\u00e1vez, Sabrina Zibelman, Brisa Manzotti, y Juan Tomas<\/strong> (timonel)<\/p>\n<p>As\u00ed se fueron sucediendo las regatas, once en total, con mucha gente trabajando, la subcomisi\u00f3n, padres, muy buena organizaci\u00f3n, Prefectura. Con <strong>Tom\u00e1s Gonz\u00e1lez<\/strong> y el personal del Club del galp\u00f3n de botes, en la zona de precompetencia preparando y largando las embarcaciones.<\/p>\n<p>Tambi\u00e9n un cap\u00edtulo aparte para la rama femenina, en un desfile incesante de compromiso, muchas ganas por estar, por competir, por aprender, y fundamentalmente por compartir, a puro remo, para que Regatas tenga su propio carnaval pero esta vez en el majestuoso r\u00edo Paran\u00e1.<\/p>\n<p><strong>LOS RESULTADOS<\/strong><\/p>\n<p><strong>Regata 1:\u00a0 2x paseo femenino abierto<\/strong><\/p>\n<p>1) Andrea Tiscornia y Camila Cabrera, 2) Elisa Jacobo y Afra Blundetto, y 3) Mar\u00eda Almir\u00f3n y Mar\u00eda Susana Liwsky.<\/p>\n<p><strong>Regata 2: Par simple escuela masculino<\/strong><\/p>\n<p>1) Joaqu\u00edn Burchiazzo, 2) M\u00e1ximo Repka, y 3) Juan Pablo Canet Fages.<\/p>\n<p><strong>Regata 3: Parcito escuela masculino<\/strong><\/p>\n<p>1) Jerem\u00edas Mercanti, y 2) Donato Greatti.<\/p>\n<p><strong>Regata 4: \u00a04+ clinker promocional<\/strong><\/p>\n<p>1) Francisco Garc\u00eda, Octavio Kriskovich, Lucas Ercolani, Santiago Molines, y Felicitas Arce Mari\u00f1o (timonel).<\/p>\n<p>2) Ramiro Rodr\u00edguez, Santiago Gomez de la Fuente, Jorge Baruzzo, Gonzalo N\u00fa\u00f1ez Camelino, y Sabrina Zibelman (timonel).<\/p>\n<p><strong>Regata 5: Parcito menor promocional <\/strong><\/p>\n<p><strong>Serie 1<\/strong>: 1) Cruz Rodr\u00edguez, 2) Gustavo Sotelo, y 3) Sebasti\u00e1n Pineda.<\/p>\n<p><strong>Serie 2:<\/strong> 1) Juan Tomas Farizano, 2) Fausto Dom\u00ednguez, y 3) Donato Greatti.<\/p>\n<p><strong>Regata 6: Single masculino<\/strong><\/p>\n<p>1) Fabi\u00e1n Arengo, 2) Diego Vidal, y 3) Gabriel Centuri\u00f3n.<\/p>\n<p><strong>Regata 7: 2 par shell femenino<\/strong><\/p>\n<p>1) Andrea Tiscornia y Camila Cabrera, 2) Sabrina Zibelman e Irina Zibelman, y 3) Brisa Manzotti y Jazm\u00edn Mercanti.<\/p>\n<p><strong>Regata 8: 2 par paseo femenino escuela<\/strong><\/p>\n<p>1) Mar\u00eda Paz Romero y Celia Rodr\u00edguez<\/p>\n<p>2) Felicitas Arce Mari\u00f1o y Iara Burgos<\/p>\n<p><strong>Regata 9: 4+ clinker masculino<\/strong><\/p>\n<p>1) Fabi\u00e1n Arengo, Jos\u00e9 L\u00f3pez, Maximiliano Marinoff, Diego Moreira, y Cruz Rodr\u00edguez (timonel).<\/p>\n<p>2) Andr\u00e9s Bajac, Gabriel Centuri\u00f3n, Ra\u00fal Sim\u00f3n, Maximiliano Reicher, y Juan Tomas (timonel)<\/p>\n<p><strong>Regata 10: 2x paseo masculino<\/strong><\/p>\n<p>1) Atilio R\u00faveda y Tomas Gonz\u00e1lez, 2) Diego Vidal y Tomas Romero, y 3) Antonio M\u00e9ndez y Pau Soraide.<\/p>\n<p><strong>Regata 11: 4+ clinker femenino<\/strong><\/p>\n<p>1) Agostina Manzotti, Natalia Ch\u00e1vez, Sabrina Zibelman, Brisa Manzotti, y Juan Tomas (timonel)<\/p>\n<p>2) Luz Fedullo, Oriana Blundetto, Irina Zibelman, Jazm\u00edn Mercanti, y Jerem\u00edas Mercanti (timonel).<\/p>\n<div id='gallery-1' class='gallery galleryid-26176 gallery-columns-5 gallery-size-thumbnail'><figure class='gallery-item'>\n\t\t\t<div class='gallery-icon landscape'>\n\t\t\t\t<a href='https:\/\/crc.org.ar\/w\/wp-content\/uploads\/2020\/02\/remo-de-carnaval.jpg'><img loading=\"lazy\" decoding=\"async\" width=\"150\" height=\"150\" src=\"https:\/\/crc.org.ar\/w\/wp-content\/uploads\/2020\/02\/remo-de-carnaval-150x150.jpg\" class=\"attachment-thumbnail size-thumbnail\" alt=\"\" \/><\/a>\n\t\t\t<\/div><\/figure><figure class='gallery-item'>\n\t\t\t<div class='gallery-icon landscape'>\n\t\t\t\t<a href='https:\/\/crc.org.ar\/w\/wp-content\/uploads\/2020\/02\/remo-de-carnaval1.jpg'><img loading=\"lazy\" decoding=\"async\" width=\"150\" height=\"150\" src=\"https:\/\/crc.org.ar\/w\/wp-content\/uploads\/2020\/02\/remo-de-carnaval1-150x150.jpg\" class=\"attachment-thumbnail size-thumbnail\" alt=\"\" \/><\/a>\n\t\t\t<\/div><\/figure><figure class='gallery-item'>\n\t\t\t<div class='gallery-icon landscape'>\n\t\t\t\t<a href='https:\/\/crc.org.ar\/w\/wp-content\/uploads\/2020\/02\/remo-de-carnaval2.jpg'><img loading=\"lazy\" decoding=\"async\" width=\"150\" height=\"150\" src=\"https:\/\/crc.org.ar\/w\/wp-content\/uploads\/2020\/02\/remo-de-carnaval2-150x150.jpg\" class=\"attachment-thumbnail size-thumbnail\" alt=\"\" \/><\/a>\n\t\t\t<\/div><\/figure><figure class='gallery-item'>\n\t\t\t<div class='gallery-icon landscape'>\n\t\t\t\t<a href='https:\/\/crc.org.ar\/w\/wp-content\/uploads\/2020\/02\/remo-de-carnaval3.jpg'><img loading=\"lazy\" decoding=\"async\" width=\"150\" height=\"150\" src=\"https:\/\/crc.org.ar\/w\/wp-content\/uploads\/2020\/02\/remo-de-carnaval3-150x150.jpg\" class=\"attachment-thumbnail size-thumbnail\" alt=\"\" \/><\/a>\n\t\t\t<\/div><\/figure><figure class='gallery-item'>\n\t\t\t<div class='gallery-icon landscape'>\n\t\t\t\t<a href='https:\/\/crc.org.ar\/w\/wp-content\/uploads\/2020\/02\/remo-de-carnaval4.jpg'><img loading=\"lazy\" decoding=\"async\" width=\"150\" height=\"150\" src=\"https:\/\/crc.org.ar\/w\/wp-content\/uploads\/2020\/02\/remo-de-carnaval4-150x150.jpg\" class=\"attachment-thumbnail size-thumbnail\" alt=\"\" \/><\/a>\n\t\t\t<\/div><\/figure><figure class='gallery-item'>\n\t\t\t<div class='gallery-icon landscape'>\n\t\t\t\t<a href='https:\/\/crc.org.ar\/w\/wp-content\/uploads\/2020\/02\/remo-de-carnaval5.jpg'><img loading=\"lazy\" decoding=\"async\" width=\"150\" height=\"150\" src=\"https:\/\/crc.org.ar\/w\/wp-content\/uploads\/2020\/02\/remo-de-carnaval5-150x150.jpg\" class=\"attachment-thumbnail size-thumbnail\" alt=\"\" \/><\/a>\n\t\t\t<\/div><\/figure><figure class='gallery-item'>\n\t\t\t<div class='gallery-icon landscape'>\n\t\t\t\t<a href='https:\/\/crc.org.ar\/w\/wp-content\/uploads\/2020\/02\/remo-de-carnaval6.jpg'><img loading=\"lazy\" decoding=\"async\" width=\"150\" height=\"150\" src=\"https:\/\/crc.org.ar\/w\/wp-content\/uploads\/2020\/02\/remo-de-carnaval6-150x150.jpg\" class=\"attachment-thumbnail size-thumbnail\" alt=\"\" \/><\/a>\n\t\t\t<\/div><\/figure><figure class='gallery-item'>\n\t\t\t<div class='gallery-icon landscape'>\n\t\t\t\t<a href='https:\/\/crc.org.ar\/w\/wp-content\/uploads\/2020\/02\/remo-de-carnaval7.jpg'><img loading=\"lazy\" decoding=\"async\" width=\"150\" height=\"150\" src=\"https:\/\/crc.org.ar\/w\/wp-content\/uploads\/2020\/02\/remo-de-carnaval7-150x150.jpg\" class=\"attachment-thumbnail size-thumbnail\" alt=\"\" \/><\/a>\n\t\t\t<\/div><\/figure><figure class='gallery-item'>\n\t\t\t<div class='gallery-icon landscape'>\n\t\t\t\t<a href='https:\/\/crc.org.ar\/w\/wp-content\/uploads\/2020\/02\/remo-de-carnaval8.jpg'><img loading=\"lazy\" decoding=\"async\" width=\"150\" height=\"150\" src=\"https:\/\/crc.org.ar\/w\/wp-content\/uploads\/2020\/02\/remo-de-carnaval8-150x150.jpg\" class=\"attachment-thumbnail size-thumbnail\" alt=\"\" \/><\/a>\n\t\t\t<\/div><\/figure><figure class='gallery-item'>\n\t\t\t<div class='gallery-icon landscape'>\n\t\t\t\t<a href='https:\/\/crc.org.ar\/w\/wp-content\/uploads\/2020\/02\/remo-de-carnaval9.jpg'><img loading=\"lazy\" decoding=\"async\" width=\"150\" height=\"150\" src=\"https:\/\/crc.org.ar\/w\/wp-content\/uploads\/2020\/02\/remo-de-carnaval9-150x150.jpg\" class=\"attachment-thumbnail size-thumbnail\" alt=\"\" \/><\/a>\n\t\t\t<\/div><\/figure><figure class='gallery-item'>\n\t\t\t<div class='gallery-icon landscape'>\n\t\t\t\t<a href='https:\/\/crc.org.ar\/w\/wp-content\/uploads\/2020\/02\/remo-de-carnaval10.jpg'><img loading=\"lazy\" decoding=\"async\" width=\"150\" height=\"150\" src=\"https:\/\/crc.org.ar\/w\/wp-content\/uploads\/2020\/02\/remo-de-carnaval10-150x150.jpg\" class=\"attachment-thumbnail size-thumbnail\" alt=\"\" \/><\/a>\n\t\t\t<\/div><\/figure><figure class='gallery-item'>\n\t\t\t<div class='gallery-icon landscape'>\n\t\t\t\t<a href='https:\/\/crc.org.ar\/w\/wp-content\/uploads\/2020\/02\/remo-de-carnaval11.jpg'><img loading=\"lazy\" decoding=\"async\" width=\"150\" height=\"150\" src=\"https:\/\/crc.org.ar\/w\/wp-content\/uploads\/2020\/02\/remo-de-carnaval11-150x150.jpg\" class=\"attachment-thumbnail size-thumbnail\" alt=\"\" \/><\/a>\n\t\t\t<\/div><\/figure><figure class='gallery-item'>\n\t\t\t<div class='gallery-icon landscape'>\n\t\t\t\t<a href='https:\/\/crc.org.ar\/w\/wp-content\/uploads\/2020\/02\/remo-de-carnaval12.jpg'><img loading=\"lazy\" decoding=\"async\" width=\"150\" height=\"150\" src=\"https:\/\/crc.org.ar\/w\/wp-content\/uploads\/2020\/02\/remo-de-carnaval12-150x150.jpg\" class=\"attachment-thumbnail size-thumbnail\" alt=\"\" \/><\/a>\n\t\t\t<\/div><\/figure><figure class='gallery-item'>\n\t\t\t<div class='gallery-icon landscape'>\n\t\t\t\t<a href='https:\/\/crc.org.ar\/w\/wp-content\/uploads\/2020\/02\/remo-de-carnaval13.jpg'><img loading=\"lazy\" decoding=\"async\" width=\"150\" height=\"150\" src=\"https:\/\/crc.org.ar\/w\/wp-content\/uploads\/2020\/02\/remo-de-carnaval13-150x150.jpg\" class=\"attachment-thumbnail size-thumbnail\" alt=\"\" \/><\/a>\n\t\t\t<\/div><\/figure><figure class='gallery-item'>\n\t\t\t<div class='gallery-icon landscape'>\n\t\t\t\t<a href='https:\/\/crc.org.ar\/w\/wp-content\/uploads\/2020\/02\/remo-de-carnaval14.jpg'><img loading=\"lazy\" decoding=\"async\" width=\"150\" height=\"150\" src=\"https:\/\/crc.org.ar\/w\/wp-content\/uploads\/2020\/02\/remo-de-carnaval14-150x150.jpg\" class=\"attachment-thumbnail size-thumbnail\" alt=\"\" \/><\/a>\n\t\t\t<\/div><\/figure><figure class='gallery-item'>\n\t\t\t<div class='gallery-icon landscape'>\n\t\t\t\t<a href='https:\/\/crc.org.ar\/w\/wp-content\/uploads\/2020\/02\/remo-de-carnaval15.jpg'><img loading=\"lazy\" decoding=\"async\" width=\"150\" height=\"150\" src=\"https:\/\/crc.org.ar\/w\/wp-content\/uploads\/2020\/02\/remo-de-carnaval15-150x150.jpg\" class=\"attachment-thumbnail size-thumbnail\" alt=\"\" \/><\/a>\n\t\t\t<\/div><\/figure><figure class='gallery-item'>\n\t\t\t<div class='gallery-icon landscape'>\n\t\t\t\t<a href='https:\/\/crc.org.ar\/w\/wp-content\/uploads\/2020\/02\/remo-de-carnaval16.jpg'><img loading=\"lazy\" decoding=\"async\" width=\"150\" height=\"150\" src=\"https:\/\/crc.org.ar\/w\/wp-content\/uploads\/2020\/02\/remo-de-carnaval16-150x150.jpg\" class=\"attachment-thumbnail size-thumbnail\" alt=\"\" \/><\/a>\n\t\t\t<\/div><\/figure><figure class='gallery-item'>\n\t\t\t<div class='gallery-icon landscape'>\n\t\t\t\t<a href='https:\/\/crc.org.ar\/w\/wp-content\/uploads\/2020\/02\/remo-de-carnaval17.jpg'><img loading=\"lazy\" decoding=\"async\" width=\"150\" height=\"150\" src=\"https:\/\/crc.org.ar\/w\/wp-content\/uploads\/2020\/02\/remo-de-carnaval17-150x150.jpg\" class=\"attachment-thumbnail size-thumbnail\" alt=\"\" \/><\/a>\n\t\t\t<\/div><\/figure><figure class='gallery-item'>\n\t\t\t<div class='gallery-icon landscape'>\n\t\t\t\t<a href='https:\/\/crc.org.ar\/w\/wp-content\/uploads\/2020\/02\/remo-de-carnaval18.jpg'><img loading=\"lazy\" decoding=\"async\" width=\"150\" height=\"150\" src=\"https:\/\/crc.org.ar\/w\/wp-content\/uploads\/2020\/02\/remo-de-carnaval18-150x150.jpg\" class=\"attachment-thumbnail size-thumbnail\" alt=\"\" \/><\/a>\n\t\t\t<\/div><\/figure><figure class='gallery-item'>\n\t\t\t<div class='gallery-icon landscape'>\n\t\t\t\t<a href='https:\/\/crc.org.ar\/w\/wp-content\/uploads\/2020\/02\/remo-de-carnaval19.jpg'><img loading=\"lazy\" decoding=\"async\" width=\"150\" height=\"150\" src=\"https:\/\/crc.org.ar\/w\/wp-content\/uploads\/2020\/02\/remo-de-carnaval19-150x150.jpg\" class=\"attachment-thumbnail size-thumbnail\" alt=\"\" \/><\/a>\n\t\t\t<\/div><\/figure><figure class='gallery-item'>\n\t\t\t<div class='gallery-icon landscape'>\n\t\t\t\t<a href='https:\/\/crc.org.ar\/w\/wp-content\/uploads\/2020\/02\/remo-de-carnaval20.jpg'><img loading=\"lazy\" decoding=\"async\" width=\"150\" height=\"150\" src=\"https:\/\/crc.org.ar\/w\/wp-content\/uploads\/2020\/02\/remo-de-carnaval20-150x150.jpg\" class=\"attachment-thumbnail size-thumbnail\" alt=\"\" \/><\/a>\n\t\t\t<\/div><\/figure>\n\t\t<\/div>\n\n","protected":false},"excerpt":{"rendered":"<p>(Domingo 23 de febrero de 2020). En una jornada espectacular, el pasado s\u00e1bado se llev\u00f3 a cabo la \u201cRegata de Carnaval\u201d de remo del Club de Regatas Corrientes. Once regatas le dieron vida a una verdadera fiesta en el r\u00edo Paran\u00e1. Con la vuelta de dos eximias, como lo son Andrea Tiscornia y Camila Cabrera, &hellip;<\/p>\n","protected":false},"author":6,"featured_media":26198,"comment_status":"closed","ping_status":"closed","sticky":false,"template":"","format":"standard","meta":{"footnotes":""},"categories":[156,18],"tags":[],"_links":{"self":[{"href":"https:\/\/crc.org.ar\/w\/wp-json\/wp\/v2\/posts\/26176"}],"collection":[{"href":"https:\/\/crc.org.ar\/w\/wp-json\/wp\/v2\/posts"}],"about":[{"href":"https:\/\/crc.org.ar\/w\/wp-json\/wp\/v2\/types\/post"}],"author":[{"embeddable":true,"href":"https:\/\/crc.org.ar\/w\/wp-json\/wp\/v2\/users\/6"}],"replies":[{"embeddable":true,"href":"https:\/\/crc.org.ar\/w\/wp-json\/wp\/v2\/comments?post=26176"}],"version-history":[{"count":1,"href":"https:\/\/crc.org.ar\/w\/wp-json\/wp\/v2\/posts\/26176\/revisions"}],"predecessor-version":[{"id":26199,"href":"https:\/\/crc.org.ar\/w\/wp-json\/wp\/v2\/posts\/26176\/revisions\/26199"}],"wp:featuredmedia":[{"embeddable":true,"href":"https:\/\/crc.org.ar\/w\/wp-json\/wp\/v2\/media\/26198"}],"wp:attachment":[{"href":"https:\/\/crc.org.ar\/w\/wp-json\/wp\/v2\/media?parent=26176"}],"wp:term":[{"taxonomy":"category","embeddable":true,"href":"https:\/\/crc.org.ar\/w\/wp-json\/wp\/v2\/categories?post=26176"},{"taxonomy":"post_tag","embeddable":true,"href":"https:\/\/crc.org.ar\/w\/wp-json\/wp\/v2\/tags?post=26176"}],"curies":[{"name":"wp","href":"https:\/\/api.w.org\/{rel}","templated":true}]}}