{"id":26289,"date":"2020-02-28T11:42:48","date_gmt":"2020-02-28T14:42:48","guid":{"rendered":"https:\/\/crc.org.ar\/w\/?p=26289"},"modified":"2020-02-28T18:50:23","modified_gmt":"2020-02-28T21:50:23","slug":"amistosos-regatenses-para-el-inicio-de-la-temporada-2020","status":"publish","type":"post","link":"https:\/\/crc.org.ar\/w\/amistosos-regatenses-para-el-inicio-de-la-temporada-2020\/","title":{"rendered":"Amistosos regatenses para el inicio de la temporada 2020"},"content":{"rendered":"<p>(Viernes 28 de febrero de 2020). Las distintas categor\u00edas formativas de b\u00e1squetbol, incluido el mini, del Club de Regatas Corrientes comenzaron a realizar partidos amistosos de cara a la exigente temporada 2020 que se viene.<!--more--><\/p>\n<p>Recientemente en las categor\u00edas U13, U15 y U17, los equipos del Club de Regatas Corrientes recibieron a su hom\u00f3nimo de Resistencia, para cerrar la visita realizada a la capital chaque\u00f1a.<\/p>\n<p>Los triunfos fueron para los \u201cremeros\u201d correntinos por 66 a 57 (U13), 70 a 67 (U15) y 63 a 58 (U17), en una jornada espectacular con partidos muy parejos, y con momentos de muy buen b\u00e1squetbol.<\/p>\n<p>Los planteles de minib\u00e1squetbol, en tanto, ya con varias ni\u00f1as en las categor\u00edas llevaron adelante un Encuentro en el Club El Tala, en donde la camarader\u00eda y alegr\u00eda fue el com\u00fan denominador de la jornada, obvio con el b\u00e1squet como escusa.<\/p>\n<p><strong>HORARIOS Y DIAS <\/strong><strong>DEL MINIBASQUETBOL<\/strong><\/p>\n<p>Recordemos que la actividad de Mini Mixto, se desarrolla en los siguientes d\u00edas y horarios:<\/p>\n<p><strong>Pa\u00f1ales:<\/strong> martes y jueves de 15.45 a 16.30 horas.<\/p>\n<p><strong>Mosquitos<\/strong>: martes y jueves de 16.30 a 17.30 horas.<\/p>\n<p><strong>Premini<\/strong>: lunes, mi\u00e9rcoles y viernes de 15.30 a 16.30 horas.<\/p>\n<p><strong>Mini<\/strong>: lunes, mi\u00e9rcoles y viernes de 16.30 a 17.30 horas.<\/p>\n<p><strong>FORMATIVAS<\/strong><\/p>\n<p>En tanto las formativas, reservado para las categor\u00edas U13 (13 a\u00f1os), U15 (14 y 15), U17 (16 y 17), y U19 (18 y 19), contin\u00faan con los trabajos de pretemporada, con los siguientes d\u00edas y horarios:<\/p>\n<p>Lunes, mi\u00e9rcoles y viernes U13 desde las 17:30 horas, U15 a partir de las 18.30, U17 a partir de las 19.30, y U19 y Primera desde las 20.30 horas.<\/p>\n<div id='gallery-1' class='gallery galleryid-26289 gallery-columns-3 gallery-size-thumbnail'><figure class='gallery-item'>\n\t\t\t<div class='gallery-icon landscape'>\n\t\t\t\t<a href='https:\/\/crc.org.ar\/w\/wp-content\/uploads\/2020\/02\/mini-CRC.jpg'><img loading=\"lazy\" decoding=\"async\" width=\"150\" height=\"150\" src=\"https:\/\/crc.org.ar\/w\/wp-content\/uploads\/2020\/02\/mini-CRC-150x150.jpg\" class=\"attachment-thumbnail size-thumbnail\" alt=\"\" \/><\/a>\n\t\t\t<\/div><\/figure><figure class='gallery-item'>\n\t\t\t<div class='gallery-icon landscape'>\n\t\t\t\t<a href='https:\/\/crc.org.ar\/w\/wp-content\/uploads\/2020\/02\/mini-CRC1.jpg'><img loading=\"lazy\" decoding=\"async\" width=\"150\" height=\"150\" src=\"https:\/\/crc.org.ar\/w\/wp-content\/uploads\/2020\/02\/mini-CRC1-150x150.jpg\" class=\"attachment-thumbnail size-thumbnail\" alt=\"\" \/><\/a>\n\t\t\t<\/div><\/figure><figure class='gallery-item'>\n\t\t\t<div class='gallery-icon landscape'>\n\t\t\t\t<a href='https:\/\/crc.org.ar\/w\/wp-content\/uploads\/2020\/02\/U13-CRC-vs-CRR.jpeg'><img loading=\"lazy\" decoding=\"async\" width=\"150\" height=\"150\" src=\"https:\/\/crc.org.ar\/w\/wp-content\/uploads\/2020\/02\/U13-CRC-vs-CRR-150x150.jpeg\" class=\"attachment-thumbnail size-thumbnail\" alt=\"\" \/><\/a>\n\t\t\t<\/div><\/figure><figure class='gallery-item'>\n\t\t\t<div class='gallery-icon landscape'>\n\t\t\t\t<a href='https:\/\/crc.org.ar\/w\/wp-content\/uploads\/2020\/02\/U15-CRC.jpeg'><img loading=\"lazy\" decoding=\"async\" width=\"150\" height=\"150\" src=\"https:\/\/crc.org.ar\/w\/wp-content\/uploads\/2020\/02\/U15-CRC-150x150.jpeg\" class=\"attachment-thumbnail size-thumbnail\" alt=\"\" \/><\/a>\n\t\t\t<\/div><\/figure><figure class='gallery-item'>\n\t\t\t<div class='gallery-icon landscape'>\n\t\t\t\t<a href='https:\/\/crc.org.ar\/w\/wp-content\/uploads\/2020\/02\/U17-CRC.jpeg'><img loading=\"lazy\" decoding=\"async\" width=\"150\" height=\"150\" src=\"https:\/\/crc.org.ar\/w\/wp-content\/uploads\/2020\/02\/U17-CRC-150x150.jpeg\" class=\"attachment-thumbnail size-thumbnail\" alt=\"\" \/><\/a>\n\t\t\t<\/div><\/figure>\n\t\t<\/div>\n\n","protected":false},"excerpt":{"rendered":"<p>(Viernes 28 de febrero de 2020). Las distintas categor\u00edas formativas de b\u00e1squetbol, incluido el mini, del Club de Regatas Corrientes comenzaron a realizar partidos amistosos de cara a la exigente temporada 2020 que se viene. Recientemente en las categor\u00edas U13, U15 y U17, los equipos del Club de Regatas Corrientes recibieron a su hom\u00f3nimo de &hellip;<\/p>\n","protected":false},"author":6,"featured_media":26292,"comment_status":"closed","ping_status":"closed","sticky":false,"template":"","format":"standard","meta":{"footnotes":""},"categories":[80,156],"tags":[],"_links":{"self":[{"href":"https:\/\/crc.org.ar\/w\/wp-json\/wp\/v2\/posts\/26289"}],"collection":[{"href":"https:\/\/crc.org.ar\/w\/wp-json\/wp\/v2\/posts"}],"about":[{"href":"https:\/\/crc.org.ar\/w\/wp-json\/wp\/v2\/types\/post"}],"author":[{"embeddable":true,"href":"https:\/\/crc.org.ar\/w\/wp-json\/wp\/v2\/users\/6"}],"replies":[{"embeddable":true,"href":"https:\/\/crc.org.ar\/w\/wp-json\/wp\/v2\/comments?post=26289"}],"version-history":[{"count":1,"href":"https:\/\/crc.org.ar\/w\/wp-json\/wp\/v2\/posts\/26289\/revisions"}],"predecessor-version":[{"id":26295,"href":"https:\/\/crc.org.ar\/w\/wp-json\/wp\/v2\/posts\/26289\/revisions\/26295"}],"wp:featuredmedia":[{"embeddable":true,"href":"https:\/\/crc.org.ar\/w\/wp-json\/wp\/v2\/media\/26292"}],"wp:attachment":[{"href":"https:\/\/crc.org.ar\/w\/wp-json\/wp\/v2\/media?parent=26289"}],"wp:term":[{"taxonomy":"category","embeddable":true,"href":"https:\/\/crc.org.ar\/w\/wp-json\/wp\/v2\/categories?post=26289"},{"taxonomy":"post_tag","embeddable":true,"href":"https:\/\/crc.org.ar\/w\/wp-json\/wp\/v2\/tags?post=26289"}],"curies":[{"name":"wp","href":"https:\/\/api.w.org\/{rel}","templated":true}]}}