{"id":26352,"date":"2020-03-01T17:09:41","date_gmt":"2020-03-01T20:09:41","guid":{"rendered":"https:\/\/crc.org.ar\/w\/?p=26352"},"modified":"2020-03-01T17:09:41","modified_gmt":"2020-03-01T20:09:41","slug":"este-lunes-retoma-las-actividades-el-tumbling","status":"publish","type":"post","link":"https:\/\/crc.org.ar\/w\/este-lunes-retoma-las-actividades-el-tumbling\/","title":{"rendered":"Este lunes retoma las actividades el tumbling"},"content":{"rendered":"<p>(Domingo 1 de marzo de 2020). El lunes iniciar\u00e1 un nuevo a\u00f1o de entrenamientos para los y las gimnastas del Club de Regatas Corrientes. Las categor\u00edas comienzan de 4 a\u00f1os en adelante, y se deber\u00e1 inscribir con los profesores.<!--more--><\/p>\n<p><a href=\"https:\/\/crc.org.ar\/w\/wp-content\/uploads\/2020\/03\/tumbling.jpg\"><img loading=\"lazy\" decoding=\"async\" class=\"alignright size-medium wp-image-26353\" src=\"https:\/\/crc.org.ar\/w\/wp-content\/uploads\/2020\/03\/tumbling-300x167.jpg\" alt=\"\" width=\"300\" height=\"167\" srcset=\"https:\/\/crc.org.ar\/w\/wp-content\/uploads\/2020\/03\/tumbling-300x167.jpg 300w, https:\/\/crc.org.ar\/w\/wp-content\/uploads\/2020\/03\/tumbling.jpg 640w\" sizes=\"(max-width: 300px) 100vw, 300px\" \/><\/a>El lunes, en el cuarto piso del edificio deportivo del Club de Regatas Corrientes, dar\u00e1 inicio un nuevo a\u00f1o de entrenamiento de Tumbling, para los y las gimnastas del club \u201cfantasma\u201d. Los profesores a cargo ser\u00e1n, Aranzaz\u00fa S\u00e1nchez y Enzo Codutti.<\/p>\n<p>Las categor\u00edas ser\u00e1n: 4 y 5 a\u00f1os, 6 y 7 a\u00f1os, de 8 a 11 a\u00f1os, de 12 a 14 a\u00f1os, de 15 en adelante, y los avanzados. Cabe resaltar, que cada categor\u00eda tendr\u00e1 hasta 30 cupos, por lo que las inscripciones ser\u00e1n por orden de llegada el d\u00eda lunes.<\/p>\n<p>Para las inscripciones se necesitan presentar la siguiente documentaci\u00f3n con los profesores: Ficha de inscripci\u00f3n y ficha m\u00e9dica, las cuales si a\u00fan no la retiraron, podr\u00e1n hacerlo el d\u00eda lunes, y tambi\u00e9n una fotocopia de documento.<\/p>\n<p>La actividad comenzar\u00e1 el lunes a las 18 horas con la menor de las edades, 4 y 5 a\u00f1os. Luego, de 19 a 21, entrenar\u00e1n los avanzados, y de 21 a 22, la categor\u00eda de 15 a\u00f1os en adelante.<\/p>\n<p>Los d\u00edas martes, a las 18, ser\u00e1 el turno de la categor\u00eda de 6 y 7 a\u00f1os, mientras que de 19 a 20:30 ir\u00e1n las edades de 8 a 11. De 20:30 a 22, ir\u00e1n los y las de 12 a 14 a\u00f1os.<\/p>\n<p><strong>Grilla de Horarios:<\/strong><\/p>\n<table>\n<tbody>\n<tr>\n<td width=\"100\"><strong>Horarios<\/strong><\/td>\n<td width=\"106\"><strong>Lunes<\/strong><\/td>\n<td width=\"94\"><strong>Martes<\/strong><\/td>\n<td width=\"100\"><strong>Mi\u00e9rcoles<\/strong><\/td>\n<td width=\"100\"><strong>Jueves<\/strong><\/td>\n<td width=\"100\"><strong>Viernes<\/strong><\/td>\n<\/tr>\n<tr>\n<td width=\"100\"><strong>18 a 19 hrs<\/strong><\/td>\n<td width=\"106\">4 y 5 a\u00f1os<\/td>\n<td width=\"94\">6 y 7 a\u00f1os<\/td>\n<td width=\"100\">4 y 5 a\u00f1os<\/td>\n<td width=\"100\">6 y 7 a\u00f1os<\/td>\n<td width=\"100\"><strong>\u00a0<\/strong><\/td>\n<\/tr>\n<tr>\n<td width=\"100\"><strong>19 a 20:30<\/strong><\/td>\n<td width=\"106\"><strong>\u00a0<\/strong><\/td>\n<td width=\"94\">8 a 11 a\u00f1os<\/td>\n<td width=\"100\"><strong>\u00a0<\/strong><\/td>\n<td width=\"100\">8 a 11 a\u00f1os<\/td>\n<td width=\"100\"><strong>\u00a0<\/strong><\/td>\n<\/tr>\n<tr>\n<td width=\"100\"><strong>19 a 21 hrs<\/strong><\/td>\n<td width=\"106\">Avanzados<\/td>\n<td width=\"94\"><strong>\u00a0<\/strong><\/td>\n<td width=\"100\">Avanzados<\/td>\n<td width=\"100\"><strong>\u00a0<\/strong><\/td>\n<td width=\"100\">Avanzados<\/td>\n<\/tr>\n<tr>\n<td width=\"100\"><strong>20:30 a 22<\/strong><\/td>\n<td width=\"106\"><strong>\u00a0<\/strong><\/td>\n<td width=\"94\">12 a 14 a\u00f1os<\/td>\n<td width=\"100\"><strong>\u00a0<\/strong><\/td>\n<td width=\"100\">12 a 14 a\u00f1os<\/td>\n<td width=\"100\"><strong>\u00a0<\/strong><\/td>\n<\/tr>\n<tr>\n<td width=\"100\"><strong>21 a 22 hrs<\/strong><\/td>\n<td width=\"106\">15 en adelante<\/td>\n<td width=\"94\"><strong>\u00a0<\/strong><\/td>\n<td width=\"100\">15 en adelante<\/td>\n<td width=\"100\"><strong>\u00a0<\/strong><\/td>\n<td width=\"100\"><strong>\u00a0<\/strong><\/td>\n<\/tr>\n<\/tbody>\n<\/table>\n<p>&nbsp;<\/p>\n","protected":false},"excerpt":{"rendered":"<p>(Domingo 1 de marzo de 2020). El lunes iniciar\u00e1 un nuevo a\u00f1o de entrenamientos para los y las gimnastas del Club de Regatas Corrientes. Las categor\u00edas comienzan de 4 a\u00f1os en adelante, y se deber\u00e1 inscribir con los profesores. El lunes, en el cuarto piso del edificio deportivo del Club de Regatas Corrientes, dar\u00e1 inicio &hellip;<\/p>\n","protected":false},"author":6,"featured_media":26354,"comment_status":"closed","ping_status":"closed","sticky":false,"template":"","format":"standard","meta":{"footnotes":""},"categories":[156,64],"tags":[],"_links":{"self":[{"href":"https:\/\/crc.org.ar\/w\/wp-json\/wp\/v2\/posts\/26352"}],"collection":[{"href":"https:\/\/crc.org.ar\/w\/wp-json\/wp\/v2\/posts"}],"about":[{"href":"https:\/\/crc.org.ar\/w\/wp-json\/wp\/v2\/types\/post"}],"author":[{"embeddable":true,"href":"https:\/\/crc.org.ar\/w\/wp-json\/wp\/v2\/users\/6"}],"replies":[{"embeddable":true,"href":"https:\/\/crc.org.ar\/w\/wp-json\/wp\/v2\/comments?post=26352"}],"version-history":[{"count":1,"href":"https:\/\/crc.org.ar\/w\/wp-json\/wp\/v2\/posts\/26352\/revisions"}],"predecessor-version":[{"id":26355,"href":"https:\/\/crc.org.ar\/w\/wp-json\/wp\/v2\/posts\/26352\/revisions\/26355"}],"wp:featuredmedia":[{"embeddable":true,"href":"https:\/\/crc.org.ar\/w\/wp-json\/wp\/v2\/media\/26354"}],"wp:attachment":[{"href":"https:\/\/crc.org.ar\/w\/wp-json\/wp\/v2\/media?parent=26352"}],"wp:term":[{"taxonomy":"category","embeddable":true,"href":"https:\/\/crc.org.ar\/w\/wp-json\/wp\/v2\/categories?post=26352"},{"taxonomy":"post_tag","embeddable":true,"href":"https:\/\/crc.org.ar\/w\/wp-json\/wp\/v2\/tags?post=26352"}],"curies":[{"name":"wp","href":"https:\/\/api.w.org\/{rel}","templated":true}]}}