{"id":26534,"date":"2020-03-10T13:16:39","date_gmt":"2020-03-10T16:16:39","guid":{"rendered":"https:\/\/crc.org.ar\/w\/?p=26534"},"modified":"2020-03-10T13:16:39","modified_gmt":"2020-03-10T16:16:39","slug":"alejandro-vera-en-la-puesta-a-punto-para-el-selectivo-de-tokio-2020","status":"publish","type":"post","link":"https:\/\/crc.org.ar\/w\/alejandro-vera-en-la-puesta-a-punto-para-el-selectivo-de-tokio-2020\/","title":{"rendered":"Alejandro Vera en la puesta a punto  para el Selectivo de Tokio 2020"},"content":{"rendered":"<p>(Martes 10 de marzo de 2020). El remero del Club de Regatas Corrientes, <strong>Alejandro Vera<\/strong>, se encuentra en Buenos Aires en la \u00faltima concentraci\u00f3n con la Selecci\u00f3n Nacional de remo Adaptado, previo al Selectivo en R\u00edo de Janeiro para el \u00faltimo pasaje a Tokio 2020.<\/p>\n<p><!--more--><\/p>\n<p><img loading=\"lazy\" decoding=\"async\" class=\"alignright size-medium wp-image-26535\" src=\"https:\/\/crc.org.ar\/w\/wp-content\/uploads\/2020\/03\/vera1-300x141.jpeg\" alt=\"\" width=\"300\" height=\"141\" srcset=\"https:\/\/crc.org.ar\/w\/wp-content\/uploads\/2020\/03\/vera1-300x141.jpeg 300w, https:\/\/crc.org.ar\/w\/wp-content\/uploads\/2020\/03\/vera1.jpeg 314w\" sizes=\"(max-width: 300px) 100vw, 300px\" \/>El pr\u00f3ximo 2 de abril, en hits clasificatorios, se comenzar\u00e1 a competir en R\u00edo de Janeiro, Brasil, en el Selectivo que otorga los \u00faltimos boletos para los Juegos Para Ol\u00edmpicos, Tokio 2020.<\/p>\n<p>Por tal motivo, el remero del Club de Regatas Corrientes, <strong>Alejandro Vera<\/strong>, hasta este domingo, se encuentra concentrado en el Tigre, en la provincia de Buenos Aires con la Selecci\u00f3n Nacional de remo Adaptado.<\/p>\n<p>El trabajo, a cargo del entrenador en jefe del Seleccionado Argentino <strong>Esteban Briguglio<\/strong>, ser\u00e1 junto al Seleccionado de remo convencional, siempre de la Asociaci\u00f3n Argentina de Remeros Aficionados (AARA).<\/p>\n<p>El objetivo de la concentraci\u00f3n, la tercera de 2020, es seguir trabajando en al puesta a punto para el Sudamericano, pero fundamentalmente para el \u00faltimo Selectivo para Tokio 2020; en donde estar\u00e1 en juego una plaza en la categor\u00eda de <strong>\u201cAle\u201d Vera.<\/strong><\/p>\n<p><strong>Alejandro Vera<\/strong> desde este mi\u00e9rcoles tendr\u00e1 entrenamientos en agua, tiradas de 2.000 metros, todos los d\u00edas, con remeros convencionales y adaptados, para ir puliendo detalles y lograr la mejor puesta a punto para el Selectivo.<\/p>\n","protected":false},"excerpt":{"rendered":"<p>(Martes 10 de marzo de 2020). El remero del Club de Regatas Corrientes, Alejandro Vera, se encuentra en Buenos Aires en la \u00faltima concentraci\u00f3n con la Selecci\u00f3n Nacional de remo Adaptado, previo al Selectivo en R\u00edo de Janeiro para el \u00faltimo pasaje a Tokio 2020. El pr\u00f3ximo 2 de abril, en hits clasificatorios, se comenzar\u00e1 &hellip;<\/p>\n","protected":false},"author":1,"featured_media":26535,"comment_status":"closed","ping_status":"closed","sticky":false,"template":"","format":"standard","meta":{"footnotes":""},"categories":[156,18],"tags":[],"_links":{"self":[{"href":"https:\/\/crc.org.ar\/w\/wp-json\/wp\/v2\/posts\/26534"}],"collection":[{"href":"https:\/\/crc.org.ar\/w\/wp-json\/wp\/v2\/posts"}],"about":[{"href":"https:\/\/crc.org.ar\/w\/wp-json\/wp\/v2\/types\/post"}],"author":[{"embeddable":true,"href":"https:\/\/crc.org.ar\/w\/wp-json\/wp\/v2\/users\/1"}],"replies":[{"embeddable":true,"href":"https:\/\/crc.org.ar\/w\/wp-json\/wp\/v2\/comments?post=26534"}],"version-history":[{"count":1,"href":"https:\/\/crc.org.ar\/w\/wp-json\/wp\/v2\/posts\/26534\/revisions"}],"predecessor-version":[{"id":26536,"href":"https:\/\/crc.org.ar\/w\/wp-json\/wp\/v2\/posts\/26534\/revisions\/26536"}],"wp:featuredmedia":[{"embeddable":true,"href":"https:\/\/crc.org.ar\/w\/wp-json\/wp\/v2\/media\/26535"}],"wp:attachment":[{"href":"https:\/\/crc.org.ar\/w\/wp-json\/wp\/v2\/media?parent=26534"}],"wp:term":[{"taxonomy":"category","embeddable":true,"href":"https:\/\/crc.org.ar\/w\/wp-json\/wp\/v2\/categories?post=26534"},{"taxonomy":"post_tag","embeddable":true,"href":"https:\/\/crc.org.ar\/w\/wp-json\/wp\/v2\/tags?post=26534"}],"curies":[{"name":"wp","href":"https:\/\/api.w.org\/{rel}","templated":true}]}}