{"id":26597,"date":"2020-03-16T16:02:51","date_gmt":"2020-03-16T19:02:51","guid":{"rendered":"https:\/\/crc.org.ar\/w\/?p=26597"},"modified":"2020-03-16T18:03:56","modified_gmt":"2020-03-16T21:03:56","slug":"irina-zibelman-sumo-experiencia-en-el-selectivo-yog-dakar-2022","status":"publish","type":"post","link":"https:\/\/crc.org.ar\/w\/irina-zibelman-sumo-experiencia-en-el-selectivo-yog-dakar-2022\/","title":{"rendered":"Irina Zibelman sum\u00f3 experiencia  en el Selectivo YOG Dakar 2022"},"content":{"rendered":"<p>(Lunes 16 de marzo de 2020). La representante del Club de Regatas Corrientes, <strong>Irina Zibelman,<\/strong> fue parte del Selectivo de remo del Programa Juegos Ol\u00edmpicos de la Juventud \u201cDakar 2022\u201d, que se llev\u00f3 a cabo en Buenos Aires, en una experiencia formidable para la deportista.<\/p>\n<p><!--more--><\/p>\n<p><img loading=\"lazy\" decoding=\"async\" class=\"alignright size-medium wp-image-26511\" src=\"https:\/\/crc.org.ar\/w\/wp-content\/uploads\/2020\/03\/Irina-Zibelman-300x206.jpg\" alt=\"\" width=\"300\" height=\"206\" srcset=\"https:\/\/crc.org.ar\/w\/wp-content\/uploads\/2020\/03\/Irina-Zibelman-300x206.jpg 300w, https:\/\/crc.org.ar\/w\/wp-content\/uploads\/2020\/03\/Irina-Zibelman-110x75.jpg 110w, https:\/\/crc.org.ar\/w\/wp-content\/uploads\/2020\/03\/Irina-Zibelman.jpg 640w\" sizes=\"(max-width: 300px) 100vw, 300px\" \/>El pasado fin de semana la Asociaci\u00f3n Argentina de Remeros Aficionados (AARA), llev\u00f3 adelante el Selectivo de remo, dentro del Programa de los Juegos Ol\u00edmpicos de la Juventud \u201cDakar 2022\u201d.<\/p>\n<p>Del Selectivo fue de la partida la representante del Club de Regatas Corrientes, <strong>Irina Zibelman<\/strong>, que con un tiempo de 7 minutos, 53 segundos y 3 cent\u00e9simas, logr\u00f3 quedar sexta entre los mejores tiempos del pa\u00eds en remoerg\u00f3metro.<\/p>\n<p>Sin embargo, la falta de experiencia y fundamentalmente de competencia en el NEA, fueron factores determinantes para el desempe\u00f1o en el agua de <strong>Irina Zibelman<\/strong> en la pista nacional de remo en Tigre, en la provincia de Buenos Aires.<\/p>\n<p>All\u00ed el pasado viernes, en el primer Time Trial entre las Damas, marc\u00f3 un tiempo 9 minutos, 54 segundos, y 51 cent\u00e9simas, para quedar decimoquinta, en los 2.000 metros, y pasar la final \u201cD\u201d del Selectivo.<\/p>\n<p>Ya el domingo, en la Final \u201cD\u201d, <strong>Irina Zibelman<\/strong> mejor\u00f3 su tiempo, que qued\u00f3 en 9 minutos, 18 segundos, y 32 cent\u00e9simas; pero no le alcanz\u00f3 quedando en la \u00faltima posici\u00f3n; al igual que en el Selectivo, finalizando en la decimoquinta ubicaci\u00f3n.<\/p>\n<p>Es importante se\u00f1alar que la remera regatense se code\u00f3 con las mejores remeras del pa\u00eds, con dos a\u00f1os de reci\u00e9n comenzar a hacer remo, y menos de un a\u00f1o de competir. Es decir capacidad y talento le sobran, falta competencia y el Selectivo fue un reflejo de ello.<\/p>\n<p>Fue entonces una gran experiencia, un gran aprendizaje, y un claro mensaje de seguir intentando y creciendo, ya que la regatense qued\u00f3 35\u00b0 en el pa\u00eds dentro del Programa, en el 1x Mujeres, y con el claro objetivo de bajar su marca de 9\u201918\u201d32\/100.<\/p>\n","protected":false},"excerpt":{"rendered":"<p>(Lunes 16 de marzo de 2020). La representante del Club de Regatas Corrientes, Irina Zibelman, fue parte del Selectivo de remo del Programa Juegos Ol\u00edmpicos de la Juventud \u201cDakar 2022\u201d, que se llev\u00f3 a cabo en Buenos Aires, en una experiencia formidable para la deportista. El pasado fin de semana la Asociaci\u00f3n Argentina de Remeros &hellip;<\/p>\n","protected":false},"author":1,"featured_media":26512,"comment_status":"closed","ping_status":"closed","sticky":false,"template":"","format":"standard","meta":{"footnotes":""},"categories":[156,18],"tags":[],"_links":{"self":[{"href":"https:\/\/crc.org.ar\/w\/wp-json\/wp\/v2\/posts\/26597"}],"collection":[{"href":"https:\/\/crc.org.ar\/w\/wp-json\/wp\/v2\/posts"}],"about":[{"href":"https:\/\/crc.org.ar\/w\/wp-json\/wp\/v2\/types\/post"}],"author":[{"embeddable":true,"href":"https:\/\/crc.org.ar\/w\/wp-json\/wp\/v2\/users\/1"}],"replies":[{"embeddable":true,"href":"https:\/\/crc.org.ar\/w\/wp-json\/wp\/v2\/comments?post=26597"}],"version-history":[{"count":1,"href":"https:\/\/crc.org.ar\/w\/wp-json\/wp\/v2\/posts\/26597\/revisions"}],"predecessor-version":[{"id":26598,"href":"https:\/\/crc.org.ar\/w\/wp-json\/wp\/v2\/posts\/26597\/revisions\/26598"}],"wp:featuredmedia":[{"embeddable":true,"href":"https:\/\/crc.org.ar\/w\/wp-json\/wp\/v2\/media\/26512"}],"wp:attachment":[{"href":"https:\/\/crc.org.ar\/w\/wp-json\/wp\/v2\/media?parent=26597"}],"wp:term":[{"taxonomy":"category","embeddable":true,"href":"https:\/\/crc.org.ar\/w\/wp-json\/wp\/v2\/categories?post=26597"},{"taxonomy":"post_tag","embeddable":true,"href":"https:\/\/crc.org.ar\/w\/wp-json\/wp\/v2\/tags?post=26597"}],"curies":[{"name":"wp","href":"https:\/\/api.w.org\/{rel}","templated":true}]}}