{"id":26622,"date":"2020-03-18T18:47:43","date_gmt":"2020-03-18T21:47:43","guid":{"rendered":"https:\/\/crc.org.ar\/w\/?p=26622"},"modified":"2020-03-18T20:00:20","modified_gmt":"2020-03-18T23:00:20","slug":"alejandro-vera-en-medio-un-gran-incertidumbre","status":"publish","type":"post","link":"https:\/\/crc.org.ar\/w\/alejandro-vera-en-medio-un-gran-incertidumbre\/","title":{"rendered":"Alejandro Vera en medio de una gran incertidumbre"},"content":{"rendered":"<p>(Mi\u00e9rcoles 18 de marzo de 2020). La medida parece impostergable, sin embargo el COI no tom\u00f3 ninguna determinaci\u00f3n y hoy por hoy los Paral\u00edmpicos de Tokio 2020, al igual que los Juegos Ol\u00edmpicos siguen en marcha. En ese panorama la FISA estudia los \u00faltimos Clasificatorios, hoy postergados. <strong>Alejandro Vera<\/strong>, ya en Corrientes, se encuentra en medio de gran incertidumbre.<\/p>\n<p><!--more--><\/p>\n<p><img loading=\"lazy\" decoding=\"async\" class=\"alignright size-medium wp-image-26623\" src=\"https:\/\/crc.org.ar\/w\/wp-content\/uploads\/2020\/03\/Ale-Vera-1-300x225.jpg\" alt=\"\" width=\"300\" height=\"225\" srcset=\"https:\/\/crc.org.ar\/w\/wp-content\/uploads\/2020\/03\/Ale-Vera-1-300x225.jpg 300w, https:\/\/crc.org.ar\/w\/wp-content\/uploads\/2020\/03\/Ale-Vera-1-768x576.jpg 768w, https:\/\/crc.org.ar\/w\/wp-content\/uploads\/2020\/03\/Ale-Vera-1.jpg 960w\" sizes=\"(max-width: 300px) 100vw, 300px\" \/>La Federaci\u00f3n Internacional de Remo (FISA) particip\u00f3 en una conferencia telef\u00f3nica realizada por el Comit\u00e9 Ol\u00edmpico Internacional (COI) con todas las Federaciones Internacionales (FI) de deportes de verano.<\/p>\n<p>&#8220;El Comit\u00e9 Ol\u00edmpico Internacional sigue totalmente comprometido con los Juegos Ol\u00edmpicos de Tokio 2020, y con m\u00e1s de cuatro meses antes de los Juegos, no hay necesidad de tomar decisiones dr\u00e1sticas en esta etapa; y cualquier especulaci\u00f3n en este momento ser\u00eda contraproducente&#8221;, comunicaron en la oportunidad.<\/p>\n<p>En particular respecto a los Juegos Paral\u00edmpicos de Tokio 2020, todav\u00eda se buscan soluciones para reprogramar las oportunidades de clasificaci\u00f3n paral\u00edmpica que se han postergado en la \u00faltimas horas.<\/p>\n<p>Recordemos que <strong>Alejandro Vera<\/strong> ten\u00eda el Selectivo a partir del pr\u00f3ximo 2 de abril en R\u00edo de Janeiro, Brasil, en donde iba a buscar un boleto para los Juegos Para Ol\u00edmpicos, Tokio 2020.<\/p>\n<p>Ahora el objetivo de FISA es confirmar cualquier decisi\u00f3n posible antes del domingo 5 de abril de 2020. El Comit\u00e9 Paral\u00edmpico Internacional (IPC) tambi\u00e9n est\u00e1 adoptando un enfoque coordinado para revisar los sistemas de clasificaci\u00f3n afectados por la pandemia.<\/p>\n<p>FISA est\u00e1 en contacto cercano con el IPC con respecto al sistema de calificaci\u00f3n y los criterios de elegibilidad del atleta, incluida la clasificaci\u00f3n, como se describe en la Gu\u00eda de Calificaci\u00f3n de Remo de Juegos Paral\u00edmpicos 2020 actual.<\/p>\n<p>Y en ese sentido tambi\u00e9n FISA tiene como objetivo tener una actualizaci\u00f3n sobre los criterios de elegibilidad de los atletas, incluida la clasificaci\u00f3n, el domingo 5 de abril de 2020.<\/p>\n<p>Adem\u00e1s, todos los atletas, las federaciones miembro y la comunidad de remo en general deben seguir las recomendaciones y orientaci\u00f3n de sus respectivas autoridades nacionales de salud con respecto a la actividad, entrenamiento y eventos de remo.<\/p>\n<p>Y all\u00ed <strong>Alejando Vera<\/strong> se encuentra en una gran encrucijada, ya que en medio de las medias sanitaras del pa\u00eds y la provincia no puede entrenar, y eso complica su gran sue\u00f1o de estar en Tokio.<\/p>\n","protected":false},"excerpt":{"rendered":"<p>(Mi\u00e9rcoles 18 de marzo de 2020). La medida parece impostergable, sin embargo el COI no tom\u00f3 ninguna determinaci\u00f3n y hoy por hoy los Paral\u00edmpicos de Tokio 2020, al igual que los Juegos Ol\u00edmpicos siguen en marcha. En ese panorama la FISA estudia los \u00faltimos Clasificatorios, hoy postergados. Alejandro Vera, ya en Corrientes, se encuentra en &hellip;<\/p>\n","protected":false},"author":1,"featured_media":26623,"comment_status":"closed","ping_status":"closed","sticky":false,"template":"","format":"standard","meta":{"footnotes":""},"categories":[156,18],"tags":[],"_links":{"self":[{"href":"https:\/\/crc.org.ar\/w\/wp-json\/wp\/v2\/posts\/26622"}],"collection":[{"href":"https:\/\/crc.org.ar\/w\/wp-json\/wp\/v2\/posts"}],"about":[{"href":"https:\/\/crc.org.ar\/w\/wp-json\/wp\/v2\/types\/post"}],"author":[{"embeddable":true,"href":"https:\/\/crc.org.ar\/w\/wp-json\/wp\/v2\/users\/1"}],"replies":[{"embeddable":true,"href":"https:\/\/crc.org.ar\/w\/wp-json\/wp\/v2\/comments?post=26622"}],"version-history":[{"count":2,"href":"https:\/\/crc.org.ar\/w\/wp-json\/wp\/v2\/posts\/26622\/revisions"}],"predecessor-version":[{"id":26625,"href":"https:\/\/crc.org.ar\/w\/wp-json\/wp\/v2\/posts\/26622\/revisions\/26625"}],"wp:featuredmedia":[{"embeddable":true,"href":"https:\/\/crc.org.ar\/w\/wp-json\/wp\/v2\/media\/26623"}],"wp:attachment":[{"href":"https:\/\/crc.org.ar\/w\/wp-json\/wp\/v2\/media?parent=26622"}],"wp:term":[{"taxonomy":"category","embeddable":true,"href":"https:\/\/crc.org.ar\/w\/wp-json\/wp\/v2\/categories?post=26622"},{"taxonomy":"post_tag","embeddable":true,"href":"https:\/\/crc.org.ar\/w\/wp-json\/wp\/v2\/tags?post=26622"}],"curies":[{"name":"wp","href":"https:\/\/api.w.org\/{rel}","templated":true}]}}