{"id":26638,"date":"2020-03-31T16:17:59","date_gmt":"2020-03-31T19:17:59","guid":{"rendered":"https:\/\/crc.org.ar\/w\/?p=26638"},"modified":"2020-03-31T17:19:12","modified_gmt":"2020-03-31T20:19:12","slug":"alejandro-vera-con-nueva-planificacion-y-el-mismo-objetivo","status":"publish","type":"post","link":"https:\/\/crc.org.ar\/w\/alejandro-vera-con-nueva-planificacion-y-el-mismo-objetivo\/","title":{"rendered":"Alejandro Vera con nueva  planificaci\u00f3n y el mismo objetivo"},"content":{"rendered":"<p>(Martes 31 de marzo de 2020). El remero del Club de Regatas Corrientes, <strong>Alejandro Vera<\/strong>, dej\u00f3 atr\u00e1s la incertidumbre y, por el momento, el entrenamiento intensivo. Los Juegos Paral\u00edmpicos, que se celebrar\u00e1n del 24 de agosto al 5 de septiembre de 2021.<\/p>\n<p><!--more--><\/p>\n<p><img loading=\"lazy\" decoding=\"async\" class=\"alignright size-medium wp-image-26639\" src=\"https:\/\/crc.org.ar\/w\/wp-content\/uploads\/2020\/03\/Ale-Vera-2-300x128.jpg\" alt=\"\" width=\"300\" height=\"128\" srcset=\"https:\/\/crc.org.ar\/w\/wp-content\/uploads\/2020\/03\/Ale-Vera-2-300x128.jpg 300w, https:\/\/crc.org.ar\/w\/wp-content\/uploads\/2020\/03\/Ale-Vera-2-768x327.jpg 768w, https:\/\/crc.org.ar\/w\/wp-content\/uploads\/2020\/03\/Ale-Vera-2.jpg 960w\" sizes=\"(max-width: 300px) 100vw, 300px\" \/>El Comit\u00e9 Ol\u00edmpico Internacional (COI), el Comit\u00e9 Paral\u00edmpico Internacional (IPC), el Comit\u00e9 Organizador Tokio 2020, el Gobierno Metropolitano de Tokio y el Gobierno de Jap\u00f3n acordaron las nuevas fechas para los Juegos de la XXXII Olimpiada, en 2021.<\/p>\n<p>Los Juegos Ol\u00edmpicos Tokio 2020, que seguir\u00e1n siendo su XXXII edici\u00f3n, se celebrar\u00e1n del 23 de julio al 8 de agosto de 2021. Y los Juegos Paral\u00edmpicos, se desarrollar\u00e1n del 24 de agosto al 5 de septiembre de 2021<\/p>\n<p>Sin embargo lo m\u00e1s importante, al menos para <strong>Alejandro Vera<\/strong>, es que se ha confirmado que todos los atletas ya clasificados y las plazas ya asignadas para los Juegos Ol\u00edmpicos y Paral\u00edmpicos Tokio 2020 se mantendr\u00e1n sin cambios.<\/p>\n<p>De esta manera los sue\u00f1os del remero del Club de Regatas Corrientes siguen intactos, aunque ahora con otra planificaci\u00f3n y esperando se confirme la fecha del \u00faltimo Selectivo (Clasificatorio), que seguramente volver\u00e1 a ser R\u00edo de Janeiro.<\/p>\n<p>Ahora <strong>Alejandro Vera<\/strong> baj\u00f3 la intensidad de entrenamiento sabiendo que lo hecho hasta hora fue muy importante, pero que deber\u00e1 remar de nuevo para lograr la mejor puesta a punto para alcanzar su sue\u00f1o.<\/p>\n<p>Cabe se\u00f1alar que la decisi\u00f3n se adopt\u00f3 sobre la base de tres consideraciones principales y de conformidad con los principios establecidos por la Comisi\u00f3n Ejecutiva del COI el 17 de marzo de 2020:<\/p>\n<ol>\n<li>Para proteger la salud de los atletas y de todos los involucrados, y para apoyar la contenci\u00f3n del virus COVID-19.<\/li>\n<li>Para salvaguardar los intereses de los atletas y del deporte ol\u00edmpico.<\/li>\n<li>El calendario deportivo internacional global.<\/li>\n<\/ol>\n","protected":false},"excerpt":{"rendered":"<p>(Martes 31 de marzo de 2020). El remero del Club de Regatas Corrientes, Alejandro Vera, dej\u00f3 atr\u00e1s la incertidumbre y, por el momento, el entrenamiento intensivo. Los Juegos Paral\u00edmpicos, que se celebrar\u00e1n del 24 de agosto al 5 de septiembre de 2021. El Comit\u00e9 Ol\u00edmpico Internacional (COI), el Comit\u00e9 Paral\u00edmpico Internacional (IPC), el Comit\u00e9 Organizador &hellip;<\/p>\n","protected":false},"author":1,"featured_media":26639,"comment_status":"closed","ping_status":"closed","sticky":false,"template":"","format":"standard","meta":{"footnotes":""},"categories":[156,18],"tags":[],"_links":{"self":[{"href":"https:\/\/crc.org.ar\/w\/wp-json\/wp\/v2\/posts\/26638"}],"collection":[{"href":"https:\/\/crc.org.ar\/w\/wp-json\/wp\/v2\/posts"}],"about":[{"href":"https:\/\/crc.org.ar\/w\/wp-json\/wp\/v2\/types\/post"}],"author":[{"embeddable":true,"href":"https:\/\/crc.org.ar\/w\/wp-json\/wp\/v2\/users\/1"}],"replies":[{"embeddable":true,"href":"https:\/\/crc.org.ar\/w\/wp-json\/wp\/v2\/comments?post=26638"}],"version-history":[{"count":1,"href":"https:\/\/crc.org.ar\/w\/wp-json\/wp\/v2\/posts\/26638\/revisions"}],"predecessor-version":[{"id":26640,"href":"https:\/\/crc.org.ar\/w\/wp-json\/wp\/v2\/posts\/26638\/revisions\/26640"}],"wp:featuredmedia":[{"embeddable":true,"href":"https:\/\/crc.org.ar\/w\/wp-json\/wp\/v2\/media\/26639"}],"wp:attachment":[{"href":"https:\/\/crc.org.ar\/w\/wp-json\/wp\/v2\/media?parent=26638"}],"wp:term":[{"taxonomy":"category","embeddable":true,"href":"https:\/\/crc.org.ar\/w\/wp-json\/wp\/v2\/categories?post=26638"},{"taxonomy":"post_tag","embeddable":true,"href":"https:\/\/crc.org.ar\/w\/wp-json\/wp\/v2\/tags?post=26638"}],"curies":[{"name":"wp","href":"https:\/\/api.w.org\/{rel}","templated":true}]}}