{"id":26670,"date":"2020-05-03T22:58:17","date_gmt":"2020-05-04T01:58:17","guid":{"rendered":"https:\/\/crc.org.ar\/w\/?p=26670"},"modified":"2020-05-03T22:58:17","modified_gmt":"2020-05-04T01:58:17","slug":"jose-pablo-serpa-el-del-corazon-mas-grande-que-el-parque-mitre","status":"publish","type":"post","link":"https:\/\/crc.org.ar\/w\/jose-pablo-serpa-el-del-corazon-mas-grande-que-el-parque-mitre\/","title":{"rendered":"Jos\u00e9 Pablo Serpa, el del coraz\u00f3n  m\u00e1s grande que el Parque Mitre"},"content":{"rendered":"<p>(Domingo 3 de mayo de 2020). \u00bfQu\u00e9 es de tu vida <strong>Jos\u00e9 Pablo<\/strong> <strong>Serpa<\/strong>?. Una linda historia del ganador del Regatas de Oro 2006 (compartido con el remero <strong>Leandro L\u00f3pez<\/strong>). Uno de esos peque\u00f1os grandes deportistas, que marc\u00f3 \u00e9poca con sus haza\u00f1as deportivas en el judo, pero fundamentalmente por su gran coraz\u00f3n.<\/p>\n<p><!--more--><\/p>\n<p><img loading=\"lazy\" decoding=\"async\" class=\"alignright size-medium wp-image-26671\" src=\"https:\/\/crc.org.ar\/w\/wp-content\/uploads\/2020\/05\/Pablo-Serpa-AYER-256x300.jpg\" alt=\"\" width=\"256\" height=\"300\" srcset=\"https:\/\/crc.org.ar\/w\/wp-content\/uploads\/2020\/05\/Pablo-Serpa-AYER-256x300.jpg 256w, https:\/\/crc.org.ar\/w\/wp-content\/uploads\/2020\/05\/Pablo-Serpa-AYER.jpg 508w\" sizes=\"(max-width: 256px) 100vw, 256px\" \/>Su nombre es <strong>Jos\u00e9 Pablo Serpa<\/strong>. En aquellos tiempos, s\u00f3lo \u201cPablito\u201d. Uno de esos grandotes puro coraz\u00f3n. El a\u00f1o que se consagr\u00f3 Regatas de Oro 2006 compiti\u00f3 en el Mundial Juvenil de Judo de Santo Domingo, Rep\u00fablica Dominicana, hasta de 100 kilogramos; adem\u00e1s de quedarse con los torneos Nacional Apertura (Santa Fe) y Clausura (Corrientes), y siendo segundo en el tradicional torneo internacional Centro de la Rep\u00fablica en Villa Carlos Paz, C\u00f3rdoba; estos \u00faltimos en la categor\u00eda Juniors m\u00e1s de 100 kilos.<\/p>\n<p>Hoy, con 33 a\u00f1os, vive en Bariloche, trabaja todos los d\u00edas pese a la pandemia del COVID-19, y recuerda con nostalgia, alegr\u00eda y mucha pasi\u00f3n al Club de Regatas Corrientes, que lo cobij\u00f3 desde 2001, y obviamente a la gran familia del judo regatense especialmente a su sensei <strong>Eduardo Mari\u00f1o Rey.<\/strong><\/p>\n<p>\u201cVivo en Bariloche desde 2008. Mi familia madre y hermanos viven ac\u00e1 tambi\u00e9n, pero yo desde que vine, por razones familiares, me independice. No estudie, pero trabajo desde entonces en Bebidas del Lago, distribuidora y representante de Quilmes\u201d, comenz\u00f3 diciendo <strong>Jos\u00e9 Pablo Serpa.<\/strong><\/p>\n<p>En tanto que recordando su llegada a Regatas Corrientes, dijo que \u201cal Club llegue por el 2001, anteriormente viv\u00eda en Bariloche por razones laborales de mi viejo. Nos mudamos en el \u201897 a Bariloche y en el 2000 nos volvimos a Corrientes. Al\u00a0 judo llegue de la mano de mi sensei <strong>Carlos B\u00e1ez <\/strong>que me daba clases en Bariloche y continu\u00e9 mi carrera en Corrientes en el Regatas\u201d.<\/p>\n<p><strong><em><img loading=\"lazy\" decoding=\"async\" class=\"size-medium wp-image-26674 alignleft\" src=\"https:\/\/crc.org.ar\/w\/wp-content\/uploads\/2020\/05\/Pablo-Serpa-HOY-300x300.jpg\" alt=\"\" width=\"300\" height=\"300\" srcset=\"https:\/\/crc.org.ar\/w\/wp-content\/uploads\/2020\/05\/Pablo-Serpa-HOY-300x300.jpg 300w, https:\/\/crc.org.ar\/w\/wp-content\/uploads\/2020\/05\/Pablo-Serpa-HOY-150x150.jpg 150w, https:\/\/crc.org.ar\/w\/wp-content\/uploads\/2020\/05\/Pablo-Serpa-HOY-768x768.jpg 768w, https:\/\/crc.org.ar\/w\/wp-content\/uploads\/2020\/05\/Pablo-Serpa-HOY.jpg 960w\" sizes=\"(max-width: 300px) 100vw, 300px\" \/>\u00bfQu\u00e9 sensaciones tuvo el ganar el Regatas de Oro 2006?.<\/em><\/strong><\/p>\n<p>&#8211; Ganar el Regatas de Oro fue algo que no se puede explicar con palabras. Alegr\u00eda, emoci\u00f3n, un mont\u00f3n de sentimientos. Es m\u00e1s, lo recibi\u00f3 mi mam\u00e1 porque yo me encontraba disputando el Mundial de judo en Santo Domingo.<\/p>\n<p><strong><em>\u00bfQu\u00e9 signific\u00f3 Regatas Corrientes en su vida?<\/em><\/strong><\/p>\n<p>&#8211; El Club es parte de mi vida. Desde la distancia, por ejemplo, sigo viendo los partidos de b\u00e1squetbol. Es un lugar de buena gente, desde la Comisi\u00f3n Directiva, porteros, profesores, el Capit\u00e1n. Siempre me han tratado bien. Cada vez que voy de vacaciones no dejo de pasar\u00a0 por el Club.<\/p>\n<p><strong><em>\u00bfQu\u00e9 signific\u00f3 el judo, el tatami&#8230; lo sigue practicando?<\/em><\/strong><\/p>\n<p>&#8211; El judo signific\u00f3 amistades, compa\u00f1erismo, respeto. Ya no lo pr\u00e1ctico de lleno, no me dan los horarios, los tiempos; pero debes en cuando voy a moverme y por ah\u00ed uno que otro torneo.<\/p>\n<p><strong><em>\u00bfSigue conectado con sus compa\u00f1eros de judo del Club?<\/em><\/strong><\/p>\n<p>&#8211; Sigo conectados con ellos, es m\u00e1s estoy en el grupo de whatsApp de judo Corrientes. Cada vez que voy de vacaciones, voy al Club y charlo con ellos, con el sensie \u201cEdu\u201d (<strong>Eduardo Mari\u00f1o Rey<\/strong>),<strong> Pablo <\/strong>y<strong> \u201cTete\u201d Mari\u00f1o Rey<\/strong><\/p>\n<p><strong><em>\u00bfQu\u00e9 ense\u00f1anzas le dej\u00f3 la disciplina?<\/em><\/strong><\/p>\n<p>&#8211; Ense\u00f1anzas muchas, la principal es por m\u00e1s que nos caigamos y perdamos siempre hay que levantarse.<\/p>\n\n\t\t<div class=\"tie-full-width-img\">\n\t\t\t<img loading=\"lazy\" decoding=\"async\" class=\"aligncenter size-full wp-image-26672\" src=\"https:\/\/crc.org.ar\/w\/wp-content\/uploads\/2020\/05\/Pablo-Serpa-EQUIPO-CRC.jpg\" alt=\"\" width=\"736\" height=\"419\" srcset=\"https:\/\/crc.org.ar\/w\/wp-content\/uploads\/2020\/05\/Pablo-Serpa-EQUIPO-CRC.jpg 736w, https:\/\/crc.org.ar\/w\/wp-content\/uploads\/2020\/05\/Pablo-Serpa-EQUIPO-CRC-300x171.jpg 300w\" sizes=\"(max-width: 736px) 100vw, 736px\" \/>\n\t\t<\/div>\n\t\n<p><strong><em>\u00bfLos valores del judo, lo puede inculcar, transmitir, en su vida actual?<\/em><\/strong><\/p>\n<p>&#8211; Creo que cualquier disciplina, sea la que sea, te inculca algo, por ah\u00ed las artes marciales un poco m\u00e1s, lo que es el valor y el respeto, y en muchas ocasiones pensar las cosas dos veces antes de actuar (se r\u00ede).<\/p>\n<p>Tengo un hijo de 3 a\u00f1os. Soy pap\u00e1 del coraz\u00f3n, y me gustar\u00eda ense\u00f1arle esta disciplina.<\/p>\n<p><strong><em>\u00bfQu\u00e9 es lo que m\u00e1s extra\u00f1a del Club?.<\/em><\/strong><\/p>\n<p>&#8211; Lo que m\u00e1s extra\u00f1o son los veranos en la playa y las pre temporada en el Parque Mitre, y en parte a cada integrante y la buena gente del Club, que muchos me conoc\u00edan.<\/p>\n<p><strong><em>Y del judo, \u00bfqu\u00e9 es lo que m\u00e1s extra\u00f1a?<\/em><\/strong><\/p>\n<p>&#8211; Lo que m\u00e1s extra\u00f1o del judo son los viajes y torneos, y sobre todo que considero eramos una familia. Yo lo ve\u00eda as\u00ed, que te despierten a desayunar, a almorzar, o a cenar todos juntos y que todos nos preocup\u00e1bamos por todos. Lindos recuerdos, gracias \u201cEdu\u201d (<strong>Eduardo Mari\u00f1o Rey<\/strong>).<\/p>\n<p><strong><em>\u00bfC\u00f3mo vive este tiempo de cuarentena?<\/em><\/strong><\/p>\n<p>&#8211; Yo lo vivo casi normal, porque por mi trabajo ando por la calle, porque este rubro no se cort\u00f3. Por ah\u00ed se extra\u00f1a las salidas y los asados, con los pocos amigos que hay por estos lados.<\/p>\n<p><strong><em><img loading=\"lazy\" decoding=\"async\" class=\"alignleft size-medium wp-image-26675\" src=\"https:\/\/crc.org.ar\/w\/wp-content\/uploads\/2020\/05\/Pablo-Serpa-HOY-1-1-300x212.jpg\" alt=\"\" width=\"300\" height=\"212\" srcset=\"https:\/\/crc.org.ar\/w\/wp-content\/uploads\/2020\/05\/Pablo-Serpa-HOY-1-1-300x212.jpg 300w, https:\/\/crc.org.ar\/w\/wp-content\/uploads\/2020\/05\/Pablo-Serpa-HOY-1-1.jpg 720w\" sizes=\"(max-width: 300px) 100vw, 300px\" \/>En el final, alg\u00fan mensaje para los regatenses.<\/em><\/strong><\/p>\n<p>&#8211; El mensaje ser\u00eda para los dirigentes del Club. Que sigan ayudando y bancando a cada deportista del Club, que son el futuro en el deporte y que siempre tuvo lindo semillero en el Club de Regatas Corrientes.<\/p>\n<p>Quiero agradecer a los que siempre estuvieron ayudando con alg\u00fan sponsor, y tambi\u00e9n volver agradecer al Sensei \u201cEdu\u201d (<strong>Eduardo Mari\u00f1o Rey<\/strong>) \u2013ya visiblemente emocionado por el tono de voz-, que fue el que siempre estuvo ayud\u00e1ndome y era como un pap\u00e1, porque siempre me llevaba y me tra\u00eda a entrenar.<\/p>\n<p>Gracias por todo querido Club de Regatas Corrientes. Me pone muy contento que se acuerden de un Regatas de Oro, gran premio. Saludos a la gran familia regatense!!!.<\/p>\n","protected":false},"excerpt":{"rendered":"<p>(Domingo 3 de mayo de 2020). \u00bfQu\u00e9 es de tu vida Jos\u00e9 Pablo Serpa?. Una linda historia del ganador del Regatas de Oro 2006 (compartido con el remero Leandro L\u00f3pez). Uno de esos peque\u00f1os grandes deportistas, que marc\u00f3 \u00e9poca con sus haza\u00f1as deportivas en el judo, pero fundamentalmente por su gran coraz\u00f3n. Su nombre es &hellip;<\/p>\n","protected":false},"author":1,"featured_media":26676,"comment_status":"closed","ping_status":"closed","sticky":false,"template":"","format":"standard","meta":{"footnotes":""},"categories":[17,156],"tags":[],"_links":{"self":[{"href":"https:\/\/crc.org.ar\/w\/wp-json\/wp\/v2\/posts\/26670"}],"collection":[{"href":"https:\/\/crc.org.ar\/w\/wp-json\/wp\/v2\/posts"}],"about":[{"href":"https:\/\/crc.org.ar\/w\/wp-json\/wp\/v2\/types\/post"}],"author":[{"embeddable":true,"href":"https:\/\/crc.org.ar\/w\/wp-json\/wp\/v2\/users\/1"}],"replies":[{"embeddable":true,"href":"https:\/\/crc.org.ar\/w\/wp-json\/wp\/v2\/comments?post=26670"}],"version-history":[{"count":1,"href":"https:\/\/crc.org.ar\/w\/wp-json\/wp\/v2\/posts\/26670\/revisions"}],"predecessor-version":[{"id":26677,"href":"https:\/\/crc.org.ar\/w\/wp-json\/wp\/v2\/posts\/26670\/revisions\/26677"}],"wp:featuredmedia":[{"embeddable":true,"href":"https:\/\/crc.org.ar\/w\/wp-json\/wp\/v2\/media\/26676"}],"wp:attachment":[{"href":"https:\/\/crc.org.ar\/w\/wp-json\/wp\/v2\/media?parent=26670"}],"wp:term":[{"taxonomy":"category","embeddable":true,"href":"https:\/\/crc.org.ar\/w\/wp-json\/wp\/v2\/categories?post=26670"},{"taxonomy":"post_tag","embeddable":true,"href":"https:\/\/crc.org.ar\/w\/wp-json\/wp\/v2\/tags?post=26670"}],"curies":[{"name":"wp","href":"https:\/\/api.w.org\/{rel}","templated":true}]}}