{"id":26726,"date":"2020-05-10T19:44:30","date_gmt":"2020-05-10T22:44:30","guid":{"rendered":"https:\/\/crc.org.ar\/w\/?p=26726"},"modified":"2020-05-11T09:00:00","modified_gmt":"2020-05-11T12:00:00","slug":"diego-vidal-y-su-vocacion-por-transmitir-lo-que-aprendio-en-el-remo","status":"publish","type":"post","link":"https:\/\/crc.org.ar\/w\/diego-vidal-y-su-vocacion-por-transmitir-lo-que-aprendio-en-el-remo\/","title":{"rendered":"Diego Vidal y su vocaci\u00f3n por  transmitir lo que aprendi\u00f3 en el remo"},"content":{"rendered":"<p>(Domingo 10 de mayo de 2020). \u00bfQu\u00e9 es de tu vida <strong>Diego Vidal<\/strong>?. El ganador del Regatas de Oro 1994, es un apasionado por el remo, y en su vuelta a la instituci\u00f3n del Parque Mitre, ya con una familia formada, encara un nuevo desaf\u00edo: transmitir su experiencia y conocimientos a los m\u00e1s j\u00f3venes.<\/p>\n<p><!--more--><\/p>\n<p><img loading=\"lazy\" decoding=\"async\" class=\"alignleft size-full wp-image-26728\" src=\"https:\/\/crc.org.ar\/w\/wp-content\/uploads\/2020\/05\/diego-vidal2.jpg\" alt=\"\" width=\"366\" height=\"524\" srcset=\"https:\/\/crc.org.ar\/w\/wp-content\/uploads\/2020\/05\/diego-vidal2.jpg 366w, https:\/\/crc.org.ar\/w\/wp-content\/uploads\/2020\/05\/diego-vidal2-210x300.jpg 210w\" sizes=\"(max-width: 366px) 100vw, 366px\" \/>En la segunda entrega de \u00bfqu\u00e9 es de tu vida\u2026?, conversamos con el remero <strong>Jorge Diego Andr\u00e9s Vidal <\/strong>(43 a\u00f1os). Hoy ingeniero electricista, trabajando en la Cervecer\u00eda y Maltar\u00eda Quilmes, y con una familia integrada por \u201cmi esposa, Elizabet, nuestra hija Abril, nuestro hijo Alejandro, y yo\u201d.<\/p>\n<p>All\u00e1 por los \u201990 <strong>Diego Vidal<\/strong> era un joven callado, serio, de una tremenda vocaci\u00f3n al trabajo, al entrenamiento. El s\u00f3lo hablaba en su bote, y lo hac\u00eda de una manera fluida, a puros resultados, que lo llevaron a alzarse con el m\u00e1ximo galard\u00f3n del Club de Regatas Corrientes, el Regatas de Oro 1994.<\/p>\n<p>Hoy, involucrando a toda su familia en la actividad, volvi\u00f3 al Club para seguir remando, pero fundamentalmente para arrancar una nueva etapa. Actualmente es presidente de la subcomisi\u00f3n de remo, en donde quiere transmitir todos sus conocimientos a los m\u00e1s j\u00f3venes. Aqu\u00ed sus pensamientos, su pasi\u00f3n por el remo, su compromiso con el Club de Regatas Corrientes.<\/p>\n<p><strong><em>&#8211; \u00bfC\u00f3mo lleg\u00f3 al Club de Regatas Corrientes?.<br \/>\n<\/em><\/strong>Llegue al Club por mis padres, ellos decidieron asociar a toda la familia para que tengamos un lugar de esparcimiento, tranquilo.<\/p>\n<p><strong><em>&#8211; \u00bfC\u00f3mo recuerda el a\u00f1o 1994?.<br \/>\n<\/em><\/strong>El a\u00f1o 1994 fue un per\u00edodo que gan\u00e9 todas las regatas en la que me presente, entre ellas el Campeonato Argentino de Velocidad en San Juan, siempre en single. Solo tuve un segundo puesto en el Campeonato Argentino Junior, en Mar del Plata, en un doble par.<\/p>\n<p><strong><em>&#8211; \u00bfQu\u00e9 signific\u00f3 ganar el Regatas de Oro 1994?.<br \/>\n<\/em><\/strong>Ganar el Regatas de Oro fue una alegr\u00eda enorme, porque sent\u00eda que el Club me reconoc\u00eda como un digno representante de la instituci\u00f3n y la provincia.<\/p>\n<p><strong><em>&#8211; \u00bfQu\u00e9 importancia tiene Regatas Corrientes en su vida?.<br \/>\n<\/em><\/strong>El Club de Regatas Corrientes es mi cable a tierra, es el lugar en donde pase los mejores momentos de mi infancia y juventud.<strong><em>\u00a0<\/em><\/strong><\/p>\n<p><strong><em>&#8211; \u00bfQu\u00e9 es lo que m\u00e1s le gusta de Regatas Corrientes, qu\u00e9 cosas lo atrapan?.<br \/>\n<\/em><\/strong>Las cosas que m\u00e1s me gustan del Club son el acceso directo al r\u00edo, el horizonte lejano y abierto, la playa, y el paisaje de las distintas puestas de sol.<\/p>\n\n\t\t<div class=\"tie-full-width-img\">\n\t\t\t<img loading=\"lazy\" decoding=\"async\" class=\"aligncenter size-full wp-image-26733\" src=\"https:\/\/crc.org.ar\/w\/wp-content\/uploads\/2020\/05\/Diego-Vidal3.jpeg\" alt=\"\" width=\"981\" height=\"720\" srcset=\"https:\/\/crc.org.ar\/w\/wp-content\/uploads\/2020\/05\/Diego-Vidal3.jpeg 981w, https:\/\/crc.org.ar\/w\/wp-content\/uploads\/2020\/05\/Diego-Vidal3-300x220.jpeg 300w, https:\/\/crc.org.ar\/w\/wp-content\/uploads\/2020\/05\/Diego-Vidal3-768x564.jpeg 768w\" sizes=\"(max-width: 981px) 100vw, 981px\" \/>\n\t\t<\/div>\n\t\n<p><strong><em>&#8211; Hoy est\u00e1 cumpliendo una segunda etapa en el Club, \u00bfpor qu\u00e9 volvi\u00f3?.<br \/>\n<\/em><\/strong>Volv\u00ed al Club porque quer\u00eda compartir con ellos (la familia) un lugar donde se puede practicar deportes, disfrutar de la playa en familia, un lugar donde puedan generar amistades.<\/p>\n<p><strong><em>&#8211; En esta nueva etapa, \u00bfQu\u00e9 objetivos tiene?.<br \/>\n<\/em><\/strong>La idea es ayudar en todo lo que se pueda, colaborar con el coordinador de la disciplina en todo lo necesario, y trasmitir al equipo de chicos y j\u00f3venes toda la experiencia adquirida, para que en su desaf\u00edo puedan mostrar su m\u00e1ximo potencial.<\/p>\n<p><strong><em>&#8211; \u00bfPor qu\u00e9 el remo?.<br \/>\n<\/em><\/strong>El remo es mi pasi\u00f3n, significa amistad, contacto con la naturaleza, equilibrio. Pasi\u00f3n que al d\u00eda de hoy la comparto con mi esposa, y tambi\u00e9n con nuestros hijos cuando salimos a remar juntos.<\/p>\n<p><strong><em>&#8211; \u00bfQu\u00e9 valores le inculc\u00f3 el remo?.<br \/>\n<\/em><\/strong>El remo me inculc\u00f3 valores como disciplina, constancia, trabajo en equipo, templanza, esfuerzo, competencia sana, amistad, sacrificio.<\/p>\n<p><strong><em>&#8211; \u00bfQu\u00e9 lo atrap\u00f3 del remo?<br \/>\n<\/em><\/strong>El remo me gusta porque es un deporte en donde interact\u00faa todo el cuerpo de forma equilibrada y armoniosa. Donde se desarrollan muchas capacidades, dentro y fuera del bote.<\/p>\n<p><strong><em>&#8211; \u00bfC\u00f3mo vive este tiempo de cuarentena?<br \/>\n<\/em><\/strong>Lo vivo muy bien con mi familia, disfrutando\u00a0de actividades nuevas con ellos, continuando con la actividad f\u00edsica (entrenamiento) adaptada al hogar. Con mi esposa y nuestros hijos hicimos de nuestra casa nuestro refugio, y de \u00e9l un espacio confortable.<\/p>\n<p><strong>&#8211; \u00bfQu\u00e9 mensaje dejar\u00eda en estos nuevos tiempos?.<\/strong><br \/>\nEn estos tiempos tan especiales no debemos perder la paciencia y la esperanza. Pienso que la cuarentena es la oportunidad para adquirir nuevos h\u00e1bitos saludables, trabajar en la tolerancia y en la empat\u00eda por otras personas que no la est\u00e1n pasando bien.<\/p>\n","protected":false},"excerpt":{"rendered":"<p>(Domingo 10 de mayo de 2020). \u00bfQu\u00e9 es de tu vida Diego Vidal?. El ganador del Regatas de Oro 1994, es un apasionado por el remo, y en su vuelta a la instituci\u00f3n del Parque Mitre, ya con una familia formada, encara un nuevo desaf\u00edo: transmitir su experiencia y conocimientos a los m\u00e1s j\u00f3venes. En &hellip;<\/p>\n","protected":false},"author":1,"featured_media":26730,"comment_status":"closed","ping_status":"closed","sticky":false,"template":"","format":"standard","meta":{"footnotes":""},"categories":[156,18],"tags":[],"_links":{"self":[{"href":"https:\/\/crc.org.ar\/w\/wp-json\/wp\/v2\/posts\/26726"}],"collection":[{"href":"https:\/\/crc.org.ar\/w\/wp-json\/wp\/v2\/posts"}],"about":[{"href":"https:\/\/crc.org.ar\/w\/wp-json\/wp\/v2\/types\/post"}],"author":[{"embeddable":true,"href":"https:\/\/crc.org.ar\/w\/wp-json\/wp\/v2\/users\/1"}],"replies":[{"embeddable":true,"href":"https:\/\/crc.org.ar\/w\/wp-json\/wp\/v2\/comments?post=26726"}],"version-history":[{"count":5,"href":"https:\/\/crc.org.ar\/w\/wp-json\/wp\/v2\/posts\/26726\/revisions"}],"predecessor-version":[{"id":26735,"href":"https:\/\/crc.org.ar\/w\/wp-json\/wp\/v2\/posts\/26726\/revisions\/26735"}],"wp:featuredmedia":[{"embeddable":true,"href":"https:\/\/crc.org.ar\/w\/wp-json\/wp\/v2\/media\/26730"}],"wp:attachment":[{"href":"https:\/\/crc.org.ar\/w\/wp-json\/wp\/v2\/media?parent=26726"}],"wp:term":[{"taxonomy":"category","embeddable":true,"href":"https:\/\/crc.org.ar\/w\/wp-json\/wp\/v2\/categories?post=26726"},{"taxonomy":"post_tag","embeddable":true,"href":"https:\/\/crc.org.ar\/w\/wp-json\/wp\/v2\/tags?post=26726"}],"curies":[{"name":"wp","href":"https:\/\/api.w.org\/{rel}","templated":true}]}}