{"id":26762,"date":"2020-05-13T19:12:36","date_gmt":"2020-05-13T22:12:36","guid":{"rendered":"https:\/\/crc.org.ar\/w\/?p=26762"},"modified":"2020-05-13T19:12:03","modified_gmt":"2020-05-13T22:12:03","slug":"con-un-estricto-protocolo-de-seguridad-sanitaria-comenzo-el-remo-en-regatas","status":"publish","type":"post","link":"https:\/\/crc.org.ar\/w\/con-un-estricto-protocolo-de-seguridad-sanitaria-comenzo-el-remo-en-regatas\/","title":{"rendered":"Con un estricto protocolo de seguridad  sanitaria, comenz\u00f3 el remo en Regatas"},"content":{"rendered":"<p>(Mi\u00e9rcoles 13 de mayo de 2020). El pasado martes dio inicio el remo social individual en el\u00a0 Club de Regatas Corrientes, bajo un estricto protocolo de seguridad sanitaria por la pandemia del COVID-19. Todo lo que hay que saber en la web oficial de la instituci\u00f3n <a href=\"http:\/\/www.crc.org.ar\">www.crc.org.ar<\/a><\/p>\n<p><!--more--><\/p>\n<p><img loading=\"lazy\" decoding=\"async\" class=\"alignright size-medium wp-image-26763\" src=\"https:\/\/crc.org.ar\/w\/wp-content\/uploads\/2020\/05\/remo-1-300x189.jpg\" alt=\"\" width=\"300\" height=\"189\" srcset=\"https:\/\/crc.org.ar\/w\/wp-content\/uploads\/2020\/05\/remo-1-300x189.jpg 300w, https:\/\/crc.org.ar\/w\/wp-content\/uploads\/2020\/05\/remo-1-768x483.jpg 768w, https:\/\/crc.org.ar\/w\/wp-content\/uploads\/2020\/05\/remo-1.jpg 1182w\" sizes=\"(max-width: 300px) 100vw, 300px\" \/><\/p>\n<p>De acuerdo a las actividades deportivas autorizadas por el Gobierno provincial, en el marco de la fase cuatro de aislamiento social, preventivo y obligatorio por la pandemia del COVID-19, el pasado martes arranc\u00f3 el remo social individual en Regatas Corrientes.<\/p>\n<p>La actividad, una de las m\u00e1s tradicionales y fundacional de la instituci\u00f3n del Parque Mitre, comenz\u00f3 bajo un estricto protocolo de seguridad sanitaria, y con turnos de una hora, que van de lunes a s\u00e1bado de 8 a 13:30 horas.<\/p>\n<p><strong>OBLIGATORIEDAD<\/strong><\/p>\n<p>Teniendo en cuenta las medidas de seguridad sanitaria, es obligatorio, para ingresar al Club y realizar la actividad, utilizar tapabocas y nariz. En tanto la instituci\u00f3n proporcionar\u00e1 alcohol en gel al ingresar y salir de las instalaciones.<\/p>\n<p><strong>INSCRIPCI\u00d3N<br \/>\n<\/strong><strong>PARA TURNOS<\/strong><\/p>\n<p>El Socio deber\u00e1 comunicarse al WhatsApp 3794 &#8211; 588352 (enviando foto del carnet de remo), para solicitar anotarse al turno de su preferencia, el cual estar\u00e1 sujeto a disponibilidad. La cantidad de personas por turno es de ocho.<\/p>\n<p><strong>DIAS Y HORARIOS <\/strong><\/p>\n<p>Hay dos turnos, el primero los d\u00edas lunes, mi\u00e9rcoles y viernes; y el segundo los martes, jueves y s\u00e1bados, en los siguientes horarios: 8:00 a 9:00 horas, 9:30 a 10:30, 11:00 a 12:00, y 12:30 a 13:30 horas.<\/p>\n<p><strong>NUEVOS HORARIOS<\/strong><\/p>\n<p>Debido al pedio de muchos socios de ampliar la franja horaria, se procedi\u00f3 a habilitar nuevos horarios, de 14:00 a 15:00 y de 15:30 a 16.30 horas, de lunes a s\u00e1bado; a partir de este jueves 14 de mayo.<\/p>\n<p><strong>EDADES<\/strong><\/p>\n<p>Las edades de los remeros habilitados son desde los 18 hasta los 65 a\u00f1os, seg\u00fan recomendaciones m\u00e9dicas y de seguridad. Y en ning\u00fan caso, por la normativa sanitaria se podr\u00e1n utilizar vestuarios y cambiadores, que se encuentran, por otra parte, cerrados.<\/p>\n<p><strong>ZONA DE REMO<\/strong><\/p>\n<p>La actividad se podr\u00e1 realizar desde la playa del Club de Regatas Corrientes, r\u00edo abajo, hasta el l\u00edmite del kil\u00f3metro1210 (Club Boca Unidos); con las medidas de seguridad de navegaci\u00f3n pertinentes.<\/p>\n<p>&nbsp;<\/p>\n<div id='gallery-1' class='gallery galleryid-26762 gallery-columns-3 gallery-size-thumbnail'><figure class='gallery-item'>\n\t\t\t<div class='gallery-icon landscape'>\n\t\t\t\t<a href='https:\/\/crc.org.ar\/w\/con-un-estricto-protocolo-de-seguridad-sanitaria-comenzo-el-remo-en-regatas\/remo1-10\/'><img loading=\"lazy\" decoding=\"async\" width=\"150\" height=\"150\" src=\"https:\/\/crc.org.ar\/w\/wp-content\/uploads\/2020\/05\/remo1-150x150.jpg\" class=\"attachment-thumbnail size-thumbnail\" alt=\"\" \/><\/a>\n\t\t\t<\/div><\/figure><figure class='gallery-item'>\n\t\t\t<div class='gallery-icon landscape'>\n\t\t\t\t<a href='https:\/\/crc.org.ar\/w\/con-un-estricto-protocolo-de-seguridad-sanitaria-comenzo-el-remo-en-regatas\/remo2-9\/'><img loading=\"lazy\" decoding=\"async\" width=\"150\" height=\"150\" src=\"https:\/\/crc.org.ar\/w\/wp-content\/uploads\/2020\/05\/remo2-150x150.jpg\" class=\"attachment-thumbnail size-thumbnail\" alt=\"\" \/><\/a>\n\t\t\t<\/div><\/figure><figure class='gallery-item'>\n\t\t\t<div class='gallery-icon landscape'>\n\t\t\t\t<a href='https:\/\/crc.org.ar\/w\/con-un-estricto-protocolo-de-seguridad-sanitaria-comenzo-el-remo-en-regatas\/remo3-8\/'><img loading=\"lazy\" decoding=\"async\" width=\"150\" height=\"150\" src=\"https:\/\/crc.org.ar\/w\/wp-content\/uploads\/2020\/05\/remo3-150x150.jpg\" class=\"attachment-thumbnail size-thumbnail\" alt=\"\" \/><\/a>\n\t\t\t<\/div><\/figure><figure class='gallery-item'>\n\t\t\t<div class='gallery-icon landscape'>\n\t\t\t\t<a href='https:\/\/crc.org.ar\/w\/con-un-estricto-protocolo-de-seguridad-sanitaria-comenzo-el-remo-en-regatas\/remo4-10\/'><img loading=\"lazy\" decoding=\"async\" width=\"150\" height=\"150\" src=\"https:\/\/crc.org.ar\/w\/wp-content\/uploads\/2020\/05\/remo4-150x150.jpg\" class=\"attachment-thumbnail size-thumbnail\" alt=\"\" \/><\/a>\n\t\t\t<\/div><\/figure><figure class='gallery-item'>\n\t\t\t<div class='gallery-icon landscape'>\n\t\t\t\t<a href='https:\/\/crc.org.ar\/w\/con-un-estricto-protocolo-de-seguridad-sanitaria-comenzo-el-remo-en-regatas\/remo5-8\/'><img loading=\"lazy\" decoding=\"async\" width=\"150\" height=\"150\" src=\"https:\/\/crc.org.ar\/w\/wp-content\/uploads\/2020\/05\/remo5-150x150.jpg\" class=\"attachment-thumbnail size-thumbnail\" alt=\"\" \/><\/a>\n\t\t\t<\/div><\/figure><figure class='gallery-item'>\n\t\t\t<div class='gallery-icon landscape'>\n\t\t\t\t<a href='https:\/\/crc.org.ar\/w\/con-un-estricto-protocolo-de-seguridad-sanitaria-comenzo-el-remo-en-regatas\/remo6-8\/'><img loading=\"lazy\" decoding=\"async\" width=\"150\" height=\"150\" src=\"https:\/\/crc.org.ar\/w\/wp-content\/uploads\/2020\/05\/remo6-150x150.jpg\" class=\"attachment-thumbnail size-thumbnail\" alt=\"\" \/><\/a>\n\t\t\t<\/div><\/figure>\n\t\t<\/div>\n\n","protected":false},"excerpt":{"rendered":"<p>(Mi\u00e9rcoles 13 de mayo de 2020). El pasado martes dio inicio el remo social individual en el\u00a0 Club de Regatas Corrientes, bajo un estricto protocolo de seguridad sanitaria por la pandemia del COVID-19. Todo lo que hay que saber en la web oficial de la instituci\u00f3n www.crc.org.ar De acuerdo a las actividades deportivas autorizadas por &hellip;<\/p>\n","protected":false},"author":1,"featured_media":26770,"comment_status":"closed","ping_status":"closed","sticky":false,"template":"","format":"standard","meta":{"footnotes":""},"categories":[156,18],"tags":[],"_links":{"self":[{"href":"https:\/\/crc.org.ar\/w\/wp-json\/wp\/v2\/posts\/26762"}],"collection":[{"href":"https:\/\/crc.org.ar\/w\/wp-json\/wp\/v2\/posts"}],"about":[{"href":"https:\/\/crc.org.ar\/w\/wp-json\/wp\/v2\/types\/post"}],"author":[{"embeddable":true,"href":"https:\/\/crc.org.ar\/w\/wp-json\/wp\/v2\/users\/1"}],"replies":[{"embeddable":true,"href":"https:\/\/crc.org.ar\/w\/wp-json\/wp\/v2\/comments?post=26762"}],"version-history":[{"count":3,"href":"https:\/\/crc.org.ar\/w\/wp-json\/wp\/v2\/posts\/26762\/revisions"}],"predecessor-version":[{"id":26780,"href":"https:\/\/crc.org.ar\/w\/wp-json\/wp\/v2\/posts\/26762\/revisions\/26780"}],"wp:featuredmedia":[{"embeddable":true,"href":"https:\/\/crc.org.ar\/w\/wp-json\/wp\/v2\/media\/26770"}],"wp:attachment":[{"href":"https:\/\/crc.org.ar\/w\/wp-json\/wp\/v2\/media?parent=26762"}],"wp:term":[{"taxonomy":"category","embeddable":true,"href":"https:\/\/crc.org.ar\/w\/wp-json\/wp\/v2\/categories?post=26762"},{"taxonomy":"post_tag","embeddable":true,"href":"https:\/\/crc.org.ar\/w\/wp-json\/wp\/v2\/tags?post=26762"}],"curies":[{"name":"wp","href":"https:\/\/api.w.org\/{rel}","templated":true}]}}