{"id":26907,"date":"2020-06-19T13:15:46","date_gmt":"2020-06-19T16:15:46","guid":{"rendered":"https:\/\/crc.org.ar\/w\/?p=26907"},"modified":"2020-06-22T11:41:10","modified_gmt":"2020-06-22T14:41:10","slug":"regatas-se-suma-a-laligasolidaria","status":"publish","type":"post","link":"https:\/\/crc.org.ar\/w\/regatas-se-suma-a-laligasolidaria\/","title":{"rendered":"Regatas se suma a #LaLigaSolidaria"},"content":{"rendered":"<p>(Viernes 19 de junio de 2020) El Club de Regatas Corrientes se suma a la campa\u00f1a lanzada por la Asociaci\u00f3n de Clubes que re\u00fane a todos los equipos de la Liga Nacional para realizar una acci\u00f3n solidaria que tiene como objetivo ayudar a instituciones golpeadas por la crisis que desat\u00f3 el coronavirus COVID-19.<\/p>\n<p><!--more--><\/p>\n<p><img loading=\"lazy\" decoding=\"async\" class=\"alignleft size-medium wp-image-26908\" src=\"https:\/\/crc.org.ar\/w\/wp-content\/uploads\/2020\/06\/La-Liga-Solidaria-300x169.jpeg\" alt=\"\" width=\"300\" height=\"169\" srcset=\"https:\/\/crc.org.ar\/w\/wp-content\/uploads\/2020\/06\/La-Liga-Solidaria-300x169.jpeg 300w, https:\/\/crc.org.ar\/w\/wp-content\/uploads\/2020\/06\/La-Liga-Solidaria-768x432.jpeg 768w, https:\/\/crc.org.ar\/w\/wp-content\/uploads\/2020\/06\/La-Liga-Solidaria.jpeg 1280w\" sizes=\"(max-width: 300px) 100vw, 300px\" \/>El Club de Regatas Corrientes se suma a la #LaLigaSolidaria donde los clubes de la Liga Nacional se unen para trabajar en una acci\u00f3n solidaria, en donde organizaciones de todo el pa\u00eds tendr\u00e1n una ayuda para poder transitar este momento complicado que se vive en el mundo. A su vez, la instituci\u00f3n del Parque Mitre trabajara junto a San Martin de Corrientes.<\/p>\n<p>Cada equipo que participa de #LaLigaSolidaria regalar\u00e1 dos premios que ser\u00e1n sorteados el d\u00eda <strong>11 de julio <\/strong>en una transmisi\u00f3n hist\u00f3rica por medio de las plataformas digitales de la Liga Nacional y de todos los canales oficiales de los clubes.<\/p>\n<p>Como se mencion\u00f3 el \u2018Fantasma\u2019 trabajar\u00e1 en conjunto con su par Rojinegro, y todo lo recaudado ser\u00e1 donado al Comedor Santa Teresita y al Merendero Laguna Brava. Ambas entidades elegidas por su dedicada labor para con las zonas m\u00e1s afectadas de nuestra ciudad.<\/p>\n<p>El valor de la donaci\u00f3n voluntaria es de doscientos cincuenta pesos ($250), y se realiza por medio de un dep\u00f3sito a trav\u00e9s de Mercado Pago. Vas a poder participar de m\u00e1s de 34 sorteos, y de alguna sorpresa especial incluida.<\/p>\n<p>Camisetas hist\u00f3ricas, indumentaria oficial, balones firmados, Merchandising de los equipos, y muchas sorpresas, dentro de una transmisi\u00f3n hist\u00f3rica en donde los clubes de La Liga trabajan todos juntos para colaborar con una entidad que nos necesita.<\/p>\n<p>Para ayudar con tu donaci\u00f3n voluntaria, podes hacerlo por medio de Mercado Pago <a href=\"https:\/\/www.mercadopago.com.ar\/checkout\/v1\/redirect\/ee708167-aef2-4283-a3cf-af27f7b3afde\/express\/?preference-id=247223337-44436958-076f-4cb3-9b4b-66603b4bc9b2&amp;p=bd3a23c899abe3b43126e085fa4d6863\">aqu\u00ed<\/a><\/p>\n","protected":false},"excerpt":{"rendered":"<p>(Viernes 19 de junio de 2020) El Club de Regatas Corrientes se suma a la campa\u00f1a lanzada por la Asociaci\u00f3n de Clubes que re\u00fane a todos los equipos de la Liga Nacional para realizar una acci\u00f3n solidaria que tiene como objetivo ayudar a instituciones golpeadas por la crisis que desat\u00f3 el coronavirus COVID-19. El Club &hellip;<\/p>\n","protected":false},"author":1,"featured_media":26908,"comment_status":"closed","ping_status":"closed","sticky":false,"template":"","format":"standard","meta":{"footnotes":""},"categories":[167],"tags":[],"_links":{"self":[{"href":"https:\/\/crc.org.ar\/w\/wp-json\/wp\/v2\/posts\/26907"}],"collection":[{"href":"https:\/\/crc.org.ar\/w\/wp-json\/wp\/v2\/posts"}],"about":[{"href":"https:\/\/crc.org.ar\/w\/wp-json\/wp\/v2\/types\/post"}],"author":[{"embeddable":true,"href":"https:\/\/crc.org.ar\/w\/wp-json\/wp\/v2\/users\/1"}],"replies":[{"embeddable":true,"href":"https:\/\/crc.org.ar\/w\/wp-json\/wp\/v2\/comments?post=26907"}],"version-history":[{"count":1,"href":"https:\/\/crc.org.ar\/w\/wp-json\/wp\/v2\/posts\/26907\/revisions"}],"predecessor-version":[{"id":26909,"href":"https:\/\/crc.org.ar\/w\/wp-json\/wp\/v2\/posts\/26907\/revisions\/26909"}],"wp:featuredmedia":[{"embeddable":true,"href":"https:\/\/crc.org.ar\/w\/wp-json\/wp\/v2\/media\/26908"}],"wp:attachment":[{"href":"https:\/\/crc.org.ar\/w\/wp-json\/wp\/v2\/media?parent=26907"}],"wp:term":[{"taxonomy":"category","embeddable":true,"href":"https:\/\/crc.org.ar\/w\/wp-json\/wp\/v2\/categories?post=26907"},{"taxonomy":"post_tag","embeddable":true,"href":"https:\/\/crc.org.ar\/w\/wp-json\/wp\/v2\/tags?post=26907"}],"curies":[{"name":"wp","href":"https:\/\/api.w.org\/{rel}","templated":true}]}}