{"id":26917,"date":"2020-06-24T11:38:57","date_gmt":"2020-06-24T14:38:57","guid":{"rendered":"https:\/\/crc.org.ar\/w\/?p=26917"},"modified":"2020-06-24T11:38:57","modified_gmt":"2020-06-24T14:38:57","slug":"los-nadadores-regatenses-participaran-de-un-entrenamiento-interprovincial","status":"publish","type":"post","link":"https:\/\/crc.org.ar\/w\/los-nadadores-regatenses-participaran-de-un-entrenamiento-interprovincial\/","title":{"rendered":"Los nadadores regatenses participar\u00e1n de un entrenamiento interprovincial"},"content":{"rendered":"<p>(Mi\u00e9rcoles 24 de junio de 2020). Los nadadores del Club de Regatas Corrientes participar\u00e1n de un entrenamiento interprovincial, v\u00eda conferencia online, en conjunto con hom\u00f3nimo de la capital chaque\u00f1a y CUNE.<\/p>\n<p><!--more--><\/p>\n<p><img loading=\"lazy\" decoding=\"async\" class=\"alignright size-medium wp-image-26918\" src=\"https:\/\/crc.org.ar\/w\/wp-content\/uploads\/2020\/06\/regional7-300x176.jpeg\" alt=\"\" width=\"300\" height=\"176\" srcset=\"https:\/\/crc.org.ar\/w\/wp-content\/uploads\/2020\/06\/regional7-300x176.jpeg 300w, https:\/\/crc.org.ar\/w\/wp-content\/uploads\/2020\/06\/regional7-768x451.jpeg 768w, https:\/\/crc.org.ar\/w\/wp-content\/uploads\/2020\/06\/regional7.jpeg 1198w\" sizes=\"(max-width: 300px) 100vw, 300px\" \/>El s\u00e1bado 27 a las 10 de la ma\u00f1ana, los nadadores de Regatas Corrientes, Regatas Resistencia y CUNE participar\u00e1n de un entrenamiento en conjunto que se llevar\u00e1 a cabo por la plataforma Google Meet, y ser\u00e1 para las categor\u00edas Menores y Cadetes.<\/p>\n<p>El encuentro est\u00e1 organizado por los profesores de las 3 instituciones, Leonardo Cabral y Soledad Schultheins de Regatas Corrientes, Osvaldo Acu\u00f1a y Justina Cabrera de CUNE, y Juan Jos\u00e9 Dinubila de Regatas Resistencia.<\/p>\n<p>A las 10 del s\u00e1bado, los nadadores est\u00e1n citados para entrar en la plataforma de Google Meet, y all\u00ed comenzar\u00e1 el entrenamiento, que en esta ocasi\u00f3n consistir\u00e1 en una preparaci\u00f3n f\u00edsica y durar\u00e1 aproximadamente una hora y media.<\/p>\n<p>Cabe resaltar el apoyo de las 3 entidades participantes, Regatas Corrientes y Resistencia, y de CUNE con su coordinador Francisco Porto.<\/p>\n<p>Habr\u00e1 aproximadamente 60 chicos presentes en la clase, de los cuales 20 m\u00e1s o menos ser\u00e1n de Regatas Corrientes, 25 ser\u00e1n de su par de Resistencia y 15 de CUNE.<\/p>\n<p>Esta ser\u00e1 la primera vez que se utiliza este tipo de modalidad, buscando que as\u00ed los j\u00f3venes nadadores, en el marco de las medidas sanitarias por el Covid-19, contin\u00faen en movimiento y puedan desarrollar un entrenamiento especial para la nataci\u00f3n.<\/p>\n<p>Recordemos que en esta oportunidad el encuentro ser\u00e1 para las categor\u00edas Menores y Cadetes, mientras que para la semana que viene se realizar\u00e1 un entrenamiento con los Pre-infantiles e Infantiles.<\/p>\n","protected":false},"excerpt":{"rendered":"<p>(Mi\u00e9rcoles 24 de junio de 2020). Los nadadores del Club de Regatas Corrientes participar\u00e1n de un entrenamiento interprovincial, v\u00eda conferencia online, en conjunto con hom\u00f3nimo de la capital chaque\u00f1a y CUNE. El s\u00e1bado 27 a las 10 de la ma\u00f1ana, los nadadores de Regatas Corrientes, Regatas Resistencia y CUNE participar\u00e1n de un entrenamiento en conjunto &hellip;<\/p>\n","protected":false},"author":1,"featured_media":26918,"comment_status":"closed","ping_status":"closed","sticky":false,"template":"","format":"standard","meta":{"footnotes":""},"categories":[69,156],"tags":[],"_links":{"self":[{"href":"https:\/\/crc.org.ar\/w\/wp-json\/wp\/v2\/posts\/26917"}],"collection":[{"href":"https:\/\/crc.org.ar\/w\/wp-json\/wp\/v2\/posts"}],"about":[{"href":"https:\/\/crc.org.ar\/w\/wp-json\/wp\/v2\/types\/post"}],"author":[{"embeddable":true,"href":"https:\/\/crc.org.ar\/w\/wp-json\/wp\/v2\/users\/1"}],"replies":[{"embeddable":true,"href":"https:\/\/crc.org.ar\/w\/wp-json\/wp\/v2\/comments?post=26917"}],"version-history":[{"count":1,"href":"https:\/\/crc.org.ar\/w\/wp-json\/wp\/v2\/posts\/26917\/revisions"}],"predecessor-version":[{"id":26919,"href":"https:\/\/crc.org.ar\/w\/wp-json\/wp\/v2\/posts\/26917\/revisions\/26919"}],"wp:featuredmedia":[{"embeddable":true,"href":"https:\/\/crc.org.ar\/w\/wp-json\/wp\/v2\/media\/26918"}],"wp:attachment":[{"href":"https:\/\/crc.org.ar\/w\/wp-json\/wp\/v2\/media?parent=26917"}],"wp:term":[{"taxonomy":"category","embeddable":true,"href":"https:\/\/crc.org.ar\/w\/wp-json\/wp\/v2\/categories?post=26917"},{"taxonomy":"post_tag","embeddable":true,"href":"https:\/\/crc.org.ar\/w\/wp-json\/wp\/v2\/tags?post=26917"}],"curies":[{"name":"wp","href":"https:\/\/api.w.org\/{rel}","templated":true}]}}