{"id":26991,"date":"2020-08-10T21:22:03","date_gmt":"2020-08-11T00:22:03","guid":{"rendered":"https:\/\/crc.org.ar\/w\/?p=26991"},"modified":"2020-08-10T21:22:03","modified_gmt":"2020-08-11T00:22:03","slug":"remeros-participaron-de-una-jornada-de-aprendizaje-sobre-reglaje","status":"publish","type":"post","link":"https:\/\/crc.org.ar\/w\/remeros-participaron-de-una-jornada-de-aprendizaje-sobre-reglaje\/","title":{"rendered":"Remeros participaron de una jornada de aprendizaje sobre reglaje"},"content":{"rendered":"<p>(Lunes 10 de agosto de 2020). Los remeros del Club de Regatas Corrientes asistieron\u00a0 a un taller sobre reglaje y medici\u00f3n oficial de botes. Participaron remeros m\u00e1sters y un ex entrenador.<\/p>\n<p><!--more--><\/p>\n<p><img loading=\"lazy\" decoding=\"async\" class=\"alignleft size-medium wp-image-26992\" src=\"https:\/\/crc.org.ar\/w\/wp-content\/uploads\/2020\/08\/Reglaje-de-botes-1-300x225.jpeg\" alt=\"\" width=\"300\" height=\"225\" srcset=\"https:\/\/crc.org.ar\/w\/wp-content\/uploads\/2020\/08\/Reglaje-de-botes-1-300x225.jpeg 300w, https:\/\/crc.org.ar\/w\/wp-content\/uploads\/2020\/08\/Reglaje-de-botes-1-768x576.jpeg 768w, https:\/\/crc.org.ar\/w\/wp-content\/uploads\/2020\/08\/Reglaje-de-botes-1.jpeg 1280w\" sizes=\"(max-width: 300px) 100vw, 300px\" \/>El pasado s\u00e1bado por la tarde, en la terraza del Club de Regatas Corrientes, se realiz\u00f3 un taller sobre reglajes de botes, encabezado por el coordinador de la disciplina, Harris Gonz\u00e1lez Escobar, y con el apoyo de toda la Subcomisi\u00f3n.<\/p>\n<p>El taller permiti\u00f3 que los remeros adquieran conocimientos te\u00f3ricos de las medidas de los botes y los remos, as\u00ed como tambi\u00e9n la distribuci\u00f3n del remero dentro de la embarcaci\u00f3n, y as\u00ed conocer los puntos de resistencia y de fuerza.<\/p>\n<p>Gonz\u00e1lez Escobar dijo que \u201clo que se busca es que el remero conozca de qu\u00e9 forma queda mejor posicionado en el bote para hacer que su rendimiento mejore acorde a las medidas personalizadas correspondientes a cada uno\u201d.<\/p>\n<p>La jornada se realiz\u00f3 cumpliendo todos los protocolos de seguridad e higiene pertinentes en el marco de la pandemia que atravesamos (distanciamiento, uso de barbijos, desinfecci\u00f3n del lugar, etc.), logrando una amplia participaci\u00f3n, tanto de chicos como de padres.<\/p>\n<p><img loading=\"lazy\" decoding=\"async\" class=\"size-medium wp-image-26993 alignright\" src=\"https:\/\/crc.org.ar\/w\/wp-content\/uploads\/2020\/08\/Reglaje-de-botes-2-300x225.jpeg\" alt=\"\" width=\"300\" height=\"225\" srcset=\"https:\/\/crc.org.ar\/w\/wp-content\/uploads\/2020\/08\/Reglaje-de-botes-2-300x225.jpeg 300w, https:\/\/crc.org.ar\/w\/wp-content\/uploads\/2020\/08\/Reglaje-de-botes-2-768x576.jpeg 768w, https:\/\/crc.org.ar\/w\/wp-content\/uploads\/2020\/08\/Reglaje-de-botes-2.jpeg 1280w\" sizes=\"(max-width: 300px) 100vw, 300px\" \/>Adem\u00e1s, para la actividad se hizo presente el ex remero y ex entrenador del Regatas, Carlos Ricciardi, qui\u00e9n comparti\u00f3 sus conocimientos y an\u00e9cdotas con el grupo, y tambi\u00e9n fueron parte algunos remeros m\u00e1ster.<\/p>\n<p>Harris, finaliz\u00f3 diciendo que \u201cla actividad estuvo muy buena, y sirve de aprendizaje para los j\u00f3venes, adem\u00e1s que suma para este momento donde no hay muchas actividades para que ellos sigan aprendiendo y no pierdan el entusiasmo\u201d.<\/p>\n","protected":false},"excerpt":{"rendered":"<p>(Lunes 10 de agosto de 2020). Los remeros del Club de Regatas Corrientes asistieron\u00a0 a un taller sobre reglaje y medici\u00f3n oficial de botes. Participaron remeros m\u00e1sters y un ex entrenador. El pasado s\u00e1bado por la tarde, en la terraza del Club de Regatas Corrientes, se realiz\u00f3 un taller sobre reglajes de botes, encabezado por &hellip;<\/p>\n","protected":false},"author":1,"featured_media":26992,"comment_status":"closed","ping_status":"closed","sticky":false,"template":"","format":"standard","meta":{"footnotes":""},"categories":[156,18],"tags":[],"_links":{"self":[{"href":"https:\/\/crc.org.ar\/w\/wp-json\/wp\/v2\/posts\/26991"}],"collection":[{"href":"https:\/\/crc.org.ar\/w\/wp-json\/wp\/v2\/posts"}],"about":[{"href":"https:\/\/crc.org.ar\/w\/wp-json\/wp\/v2\/types\/post"}],"author":[{"embeddable":true,"href":"https:\/\/crc.org.ar\/w\/wp-json\/wp\/v2\/users\/1"}],"replies":[{"embeddable":true,"href":"https:\/\/crc.org.ar\/w\/wp-json\/wp\/v2\/comments?post=26991"}],"version-history":[{"count":1,"href":"https:\/\/crc.org.ar\/w\/wp-json\/wp\/v2\/posts\/26991\/revisions"}],"predecessor-version":[{"id":26994,"href":"https:\/\/crc.org.ar\/w\/wp-json\/wp\/v2\/posts\/26991\/revisions\/26994"}],"wp:featuredmedia":[{"embeddable":true,"href":"https:\/\/crc.org.ar\/w\/wp-json\/wp\/v2\/media\/26992"}],"wp:attachment":[{"href":"https:\/\/crc.org.ar\/w\/wp-json\/wp\/v2\/media?parent=26991"}],"wp:term":[{"taxonomy":"category","embeddable":true,"href":"https:\/\/crc.org.ar\/w\/wp-json\/wp\/v2\/categories?post=26991"},{"taxonomy":"post_tag","embeddable":true,"href":"https:\/\/crc.org.ar\/w\/wp-json\/wp\/v2\/tags?post=26991"}],"curies":[{"name":"wp","href":"https:\/\/api.w.org\/{rel}","templated":true}]}}