{"id":27028,"date":"2020-08-29T13:06:50","date_gmt":"2020-08-29T16:06:50","guid":{"rendered":"https:\/\/crc.org.ar\/w\/?p=27028"},"modified":"2020-08-29T13:30:16","modified_gmt":"2020-08-29T16:30:16","slug":"el-remo-regatense-presente-en-una-regata-internacional-virtual","status":"publish","type":"post","link":"https:\/\/crc.org.ar\/w\/el-remo-regatense-presente-en-una-regata-internacional-virtual\/","title":{"rendered":"El remo regatense presente en una Regata internacional virtual"},"content":{"rendered":"<p>(s\u00e1bado 29 de agosto de 2020) El pasado fin de semana los remeros del Club de Regatas Corrientes participaron de la Regata virtual por el aniversario de su par uruguayo y de un campeonato de velocidad, en la misma modalidad. Fueron parte desde la categor\u00eda sub16 hasta los masters, logrando varias medallas.<\/p>\n<p><!--more--><\/p>\n<p>En el marco de la pandemia por el COVID-19 por la que atravesamos, las distintas disciplinas encontraron en la modalidad virtual una metodolog\u00eda para mantener viva la competitividad. Es as\u00ed que el pasado fin de semana los remeros del Club de Regatas Corrientes participaron de la 2\u00b0 Regata Virtual de Remo Indoor &#8220;116\u00ba Aniversario del Club Regatas Uruguay&#8221; y del 1\u00ba Campeonato Virtual de Velocidad de Remo Indoor- Acrer 2020.<\/p>\n<div id='gallery-1' class='gallery galleryid-27028 gallery-columns-5 gallery-size-thumbnail'><figure class='gallery-item'>\n\t\t\t<div class='gallery-icon landscape'>\n\t\t\t\t<a href='https:\/\/crc.org.ar\/w\/wp-content\/uploads\/2020\/08\/WhatsApp-Image-2020-08-28-at-22.04.26.jpeg'><img loading=\"lazy\" decoding=\"async\" width=\"150\" height=\"150\" src=\"https:\/\/crc.org.ar\/w\/wp-content\/uploads\/2020\/08\/WhatsApp-Image-2020-08-28-at-22.04.26-150x150.jpeg\" class=\"attachment-thumbnail size-thumbnail\" alt=\"\" \/><\/a>\n\t\t\t<\/div><\/figure><figure class='gallery-item'>\n\t\t\t<div class='gallery-icon landscape'>\n\t\t\t\t<a href='https:\/\/crc.org.ar\/w\/wp-content\/uploads\/2020\/08\/WhatsApp-Image-2020-08-28-at-22.04.27-1.jpeg'><img loading=\"lazy\" decoding=\"async\" width=\"150\" height=\"150\" src=\"https:\/\/crc.org.ar\/w\/wp-content\/uploads\/2020\/08\/WhatsApp-Image-2020-08-28-at-22.04.27-1-150x150.jpeg\" class=\"attachment-thumbnail size-thumbnail\" alt=\"\" \/><\/a>\n\t\t\t<\/div><\/figure><figure class='gallery-item'>\n\t\t\t<div class='gallery-icon landscape'>\n\t\t\t\t<a href='https:\/\/crc.org.ar\/w\/wp-content\/uploads\/2020\/08\/WhatsApp-Image-2020-08-28-at-22.04.27.jpeg'><img loading=\"lazy\" decoding=\"async\" width=\"150\" height=\"150\" src=\"https:\/\/crc.org.ar\/w\/wp-content\/uploads\/2020\/08\/WhatsApp-Image-2020-08-28-at-22.04.27-150x150.jpeg\" class=\"attachment-thumbnail size-thumbnail\" alt=\"\" \/><\/a>\n\t\t\t<\/div><\/figure><figure class='gallery-item'>\n\t\t\t<div class='gallery-icon landscape'>\n\t\t\t\t<a href='https:\/\/crc.org.ar\/w\/wp-content\/uploads\/2020\/08\/WhatsApp-Image-2020-08-28-at-22.04.28.jpeg'><img loading=\"lazy\" decoding=\"async\" width=\"150\" height=\"150\" src=\"https:\/\/crc.org.ar\/w\/wp-content\/uploads\/2020\/08\/WhatsApp-Image-2020-08-28-at-22.04.28-150x150.jpeg\" class=\"attachment-thumbnail size-thumbnail\" alt=\"\" \/><\/a>\n\t\t\t<\/div><\/figure><figure class='gallery-item'>\n\t\t\t<div class='gallery-icon landscape'>\n\t\t\t\t<a href='https:\/\/crc.org.ar\/w\/wp-content\/uploads\/2020\/08\/WhatsApp-Image-2020-08-29-at-12.49.16.jpeg'><img loading=\"lazy\" decoding=\"async\" width=\"150\" height=\"150\" src=\"https:\/\/crc.org.ar\/w\/wp-content\/uploads\/2020\/08\/WhatsApp-Image-2020-08-29-at-12.49.16-150x150.jpeg\" class=\"attachment-thumbnail size-thumbnail\" alt=\"\" \/><\/a>\n\t\t\t<\/div><\/figure>\n\t\t<\/div>\n\n<p>En dichos eventos participaron un total de 253 remeros de diferentes clubes, con siete pa\u00edses presentes. Fueron 31 regatenses de las siguientes categor\u00edas: sub16, sub18, sub23, libre y master. Con la supervisi\u00f3n del coordinador de la disciplina, Harris Gonzalez Escobar.<\/p>\n<p>Entre los logros m\u00e1s destacados podemos mencionar ocho primeros puestos, tres segundos puestos y cuatro terceros puestos. Adem\u00e1s de la menci\u00f3n especial para los masters que se sumaron a esta competencia demostrando su integraci\u00f3n para con los m\u00e1s j\u00f3venes remeros.<\/p>\n<p><strong>LOS RESULTADOS: <\/strong><\/p>\n<p><strong>1\u00ba Campeonato Virtual de Velocidad de Remo Indoor- Acrer 2020. (Distancia 500m)<\/strong><\/p>\n<p><strong>Categor\u00edas:<\/strong><\/p>\n<ul>\n<li><em>Sub 16 femenino<\/em><\/li>\n<\/ul>\n<p>7\u00ba Fiorela Mendez\u00a0\u00a0\u00a0\u00a0\u00a0\u00a0\u00a0\u00a0\u00a0\u00a0\u00a0\u00a0\u00a0 9\u00ba Sabrina Zibelman<\/p>\n<ul>\n<li><em>Sub 16 masculino<\/em><\/li>\n<\/ul>\n<p>5\u00ba Maximiliano Reischer\u00a0\u00a0\u00a0\u00a0 10\u00ba Fausto Dominguez\u00a0\u00a0\u00a0 12\u00ba Octavio Kriskovich\u00a0\u00a0\u00a0 13\u00ba Sebastian Pineda<\/p>\n<p>15\u00ba Santiago Gomez de la fuente\u00a0\u00a0 18\u00ba Matias Acosta\u00a0\u00a0 21\u00ba Yonatan Pineda\u00a0\u00a0 22\u00ba Cruz Rodriguez<\/p>\n<p>23\u00ba Jeremias Mercanti<\/p>\n<ul>\n<li><em>Sub 18 femenino <\/em><\/li>\n<\/ul>\n<p><strong>1\u00ba Agostina Manzotti<\/strong>\u00a0\u00a0\u00a0\u00a0\u00a0\u00a0 11\u00ba Jazmin Mercanti<\/p>\n<ul>\n<li><em>Sub 18 masculino<\/em><\/li>\n<\/ul>\n<p>13\u00ba Atilio Ruveda\u00a0\u00a0 14\u00ba Maximiliano Marinoff\u00a0\u00a0 16 Ramiro Rodriguez\u00a0\u00a0 17\u00ba Tomas Romero<\/p>\n<p>18\u00ba Joao Lecuna\u00a0\u00a0 25\u00ba Gustavo Sotelo<\/p>\n<ul>\n<li><em>Sub 23 masculino<\/em><\/li>\n<\/ul>\n<p>8\u00ba Tomas Gonzalez\u00a0\u00a0 22\u00ba Matias Leconte\u00a0\u00a0 23\u00ba Diego Moreira<\/p>\n<ul>\n<li><em>Libre femenino<\/em><\/li>\n<\/ul>\n<p><strong>2\u00ba Camila Cabrera<\/strong>\u00a0\u00a0 5\u00ba Natalia Chavez<\/p>\n<ul>\n<li><em>Libre masculino<\/em><\/li>\n<\/ul>\n<p>8\u00ba Diego Vidal\u00a0\u00a0\u00a0 9\u00ba Antonio Mendez<\/p>\n<ul>\n<li><em>Master femenino<\/em><\/li>\n<\/ul>\n<p><strong>3\u00ba Ana Maria Pato, categ D<\/strong>\u00a0\u00a0 5\u00ba Veronic Chequin, categ D\u00a0\u00a0 10\u00ba Elizabet Vallejos, categ C<\/p>\n<ul>\n<li><em>Master masculino <\/em><\/li>\n<\/ul>\n<p><strong>2\u00ba Claudio Ojeda, categ A<\/strong>\u00a0\u00a0\u00a0\u00a0 4\u00ba Felipe Ojeda, categ E\u00a0\u00a0\u00a0 <strong>1\u00ba Harris Gonzalez, categ F<\/strong><\/p>\n<p>&nbsp;<\/p>\n<p><strong>2\u00b0 Regata Virtual de Remo Indoor &#8220;116\u00ba Aniversario del Club Regatas Uruguay\u201d (Distancia 1000m)<\/strong><\/p>\n<p><strong>Categor\u00edas:<\/strong><\/p>\n<ul>\n<li><em>Sub 18 femenino<\/em><\/li>\n<\/ul>\n<p><strong>1\u00ba Agostina Manzotti<\/strong><\/p>\n<ul>\n<li><em>Sub 18 masculino<\/em><\/li>\n<\/ul>\n<p>18 Maximiliano Marinoff\u00a0\u00a0\u00a0 22\u00ba Tomas Romero\u00a0\u00a0\u00a0 24\u00ba Maximiliano Reischer<\/p>\n<ul>\n<li><em>Sub 23 femenino<\/em><\/li>\n<\/ul>\n<p><strong>1\u00ba Agostina Manzotti<\/strong><\/p>\n<ul>\n<li><em>Sub 23 masculino<\/em><\/li>\n<\/ul>\n<p>10\u00ba Tomas Gonzalez\u00a0\u00a0\u00a0 15\u00ba Matias Leconte\u00a0\u00a0\u00a0 22\u00ba Diego Moreira<\/p>\n<ul>\n<li><em>Libre femenino<\/em><\/li>\n<\/ul>\n<p>4\u00ba Camila Cabrera\u00a0\u00a0\u00a0\u00a0 5\u00ba Natalia Chavez<\/p>\n<ul>\n<li><em>Doble par libre femenino<\/em><\/li>\n<\/ul>\n<p><strong>1\u00ba Camila Cabrera y Agostina Manzotti<\/strong><\/p>\n<ul>\n<li><em>Doble par sub 23 masculino<\/em><\/li>\n<\/ul>\n<p>5\u00ba Tomas Gonzalez y Matias Leconte\u00a0\u00a0\u00a0\u00a0\u00a0\u00a0\u00a0 9\u00ba Diego Moreira y Atilio Ruveda<\/p>\n<ul>\n<li><em>Cu\u00e1druple sub 18 masculino<\/em><\/li>\n<\/ul>\n<p><strong>3\u00ba Maximiliano Reischer, Maximiliano Marinoff, Atilio Ruveda y Tomas Romero<\/strong><\/p>\n<ul>\n<li><em>Master femenino<\/em><\/li>\n<\/ul>\n<p><strong>1\u00ba Natalia Chavez,categ A, 2\u00ba en la general <\/strong>\u00a0\u00a0\u00a0\u00a0\u00a05\u00ba\u00a0 Ana Maria Pato,categ D, 16\u00ba en la general<\/p>\n<p>9\u00ba Veronica Chequin, categ D, 21\u00ba en la general\u00a0\u00a0\u00a0\u00a0 8\u00ba Elizabet Vallejos, categ C, 24\u00ba en la general<\/p>\n<ul>\n<li><em>Master Masculino<\/em><\/li>\n<\/ul>\n<p><strong>1\u00ba Harris Gonzalez,categ F,<\/strong> 8\u00ba en la general\u00a0\u00a0\u00a0 6\u00ba Diego Vidal, categ C, 27\u00ba en la general<\/p>\n<p><strong>3\u00ba Felipe Ojeda,categ E,<\/strong> 32\u00ba en la general\u00a0\u00a0\u00a0\u00a0 43\u00ba Antonio Mendez, categ B<\/p>\n<p>48\u00ba Claudio Ojeda, categ A<\/p>\n<ul>\n<li><em>Doble par master femenino<\/em><\/li>\n<\/ul>\n<p><strong>3\u00ba Veronica Chequin y Ana Mar\u00eda Pato, categ D<\/strong><\/p>\n<ul>\n<li><em>Doble par master masculino<\/em><\/li>\n<\/ul>\n<p>15\u00ba Diego Vidal y Antonio M\u00e9ndez, categ B\u00a0\u00a0\u00a0\u00a0\u00a0\u00a0\u00a0\u00a0 21\u00ba Felipe y Claudio Ojeda, Categ B<\/p>\n<ul>\n<li><em>Doble par master mixto<\/em><\/li>\n<\/ul>\n<p><strong>1\u00ba Harris Gonz\u00e1lez y Natalia Chavez, Categ C<\/strong>\u00a0\u00a0\u00a0 \u00a0\u00a0\u00a0\u00a04\u00ba Diego Vidal y Elizabet Vallejos, categ C<\/p>\n<ul>\n<li><em>Cu\u00e1druple master mixto<\/em><\/li>\n<\/ul>\n<p><strong>3\u00ba Felipe Ojeda, Ana Mar\u00eda Pato, Ver\u00f3nica Chequin y Antonio M\u00e9ndez<\/strong><\/p>\n<p>&nbsp;<\/p>\n","protected":false},"excerpt":{"rendered":"<p>(s\u00e1bado 29 de agosto de 2020) El pasado fin de semana los remeros del Club de Regatas Corrientes participaron de la Regata virtual por el aniversario de su par uruguayo y de un campeonato de velocidad, en la misma modalidad. Fueron parte desde la categor\u00eda sub16 hasta los masters, logrando varias medallas. En el marco &hellip;<\/p>\n","protected":false},"author":1,"featured_media":27033,"comment_status":"closed","ping_status":"closed","sticky":false,"template":"","format":"standard","meta":{"footnotes":""},"categories":[156,18],"tags":[],"_links":{"self":[{"href":"https:\/\/crc.org.ar\/w\/wp-json\/wp\/v2\/posts\/27028"}],"collection":[{"href":"https:\/\/crc.org.ar\/w\/wp-json\/wp\/v2\/posts"}],"about":[{"href":"https:\/\/crc.org.ar\/w\/wp-json\/wp\/v2\/types\/post"}],"author":[{"embeddable":true,"href":"https:\/\/crc.org.ar\/w\/wp-json\/wp\/v2\/users\/1"}],"replies":[{"embeddable":true,"href":"https:\/\/crc.org.ar\/w\/wp-json\/wp\/v2\/comments?post=27028"}],"version-history":[{"count":1,"href":"https:\/\/crc.org.ar\/w\/wp-json\/wp\/v2\/posts\/27028\/revisions"}],"predecessor-version":[{"id":27034,"href":"https:\/\/crc.org.ar\/w\/wp-json\/wp\/v2\/posts\/27028\/revisions\/27034"}],"wp:featuredmedia":[{"embeddable":true,"href":"https:\/\/crc.org.ar\/w\/wp-json\/wp\/v2\/media\/27033"}],"wp:attachment":[{"href":"https:\/\/crc.org.ar\/w\/wp-json\/wp\/v2\/media?parent=27028"}],"wp:term":[{"taxonomy":"category","embeddable":true,"href":"https:\/\/crc.org.ar\/w\/wp-json\/wp\/v2\/categories?post=27028"},{"taxonomy":"post_tag","embeddable":true,"href":"https:\/\/crc.org.ar\/w\/wp-json\/wp\/v2\/tags?post=27028"}],"curies":[{"name":"wp","href":"https:\/\/api.w.org\/{rel}","templated":true}]}}