{"id":27172,"date":"2020-10-01T10:14:48","date_gmt":"2020-10-01T13:14:48","guid":{"rendered":"https:\/\/crc.org.ar\/w\/?p=27172"},"modified":"2020-10-01T12:00:14","modified_gmt":"2020-10-01T15:00:14","slug":"buena-cosecha-de-los-regatenses-en-la-regata-virtual-97-aniversario","status":"publish","type":"post","link":"https:\/\/crc.org.ar\/w\/buena-cosecha-de-los-regatenses-en-la-regata-virtual-97-aniversario\/","title":{"rendered":"Buena cosecha de los regatenses en la regata virtual \u201c97 Aniversario\u201d"},"content":{"rendered":"\n<p>(Jueves 1 de octubre de 2020). La competencia de remorg\u00f3metro virtual \u201c97 aniversario\u201d organizada por el Club de Regatas Corrientes cont\u00f3 con m\u00e1s de 500 participantes y m\u00e1s de 40 clubes. Hubo buena cosecha de los \u201cfantasmas\u201d.<\/p>\n\n\n\n<!--more-->\n\n\n\n<p>El fin de semana se llev\u00f3 a cabo la competencia de remorg\u00f3metro virtual, enmarcada dentro de las actividades por un nuevo aniversario del Club de Regatas Corrientes, la cual tuvo m\u00e1s de 500 atletas representando a m\u00e1s de 40 clubes, incluso con presencia internacional.<\/p>\n\n\n\n<figure class=\"wp-block-image size-large\"><img loading=\"lazy\" decoding=\"async\" width=\"916\" height=\"716\" src=\"https:\/\/crc.org.ar\/w\/wp-content\/uploads\/2020\/10\/Remorgometro-virtual.jpeg\" alt=\"\" class=\"wp-image-27173\" srcset=\"https:\/\/crc.org.ar\/w\/wp-content\/uploads\/2020\/10\/Remorgometro-virtual.jpeg 916w, https:\/\/crc.org.ar\/w\/wp-content\/uploads\/2020\/10\/Remorgometro-virtual-300x234.jpeg 300w, https:\/\/crc.org.ar\/w\/wp-content\/uploads\/2020\/10\/Remorgometro-virtual-768x600.jpeg 768w\" sizes=\"(max-width: 916px) 100vw, 916px\" \/><\/figure>\n\n\n\n<p>Adem\u00e1s hubo buenos resultados por parte de los remeros del club del \u201cParque Mitre\u201d, con muchos podios. El certamen cont\u00f3 con categor\u00edas a partir de Sub 12 hasta M\u00e1ster, incluyendo adaptado, y tuvo 2 modalidades regata (de 500 a 1000 m.) y sprint (200 a 300 m.).<\/p>\n\n\n\n<p>Repasando los podios del \u201cfantasma\u201d, en la modalidad de regata en la categor\u00eda Sub 12 Jerem\u00edas Mercanti consigui\u00f3 un 3er puesto. Sub 14 femenino, el 2do puesto fue para Fiorela M\u00e9ndez, mientras que en Sub 18 femenino el primer lugar fue para Agostina Manzotti.<\/p>\n\n\n\n<p>Siguiendo con la modalidad regata, en M\u00e1ster A femenino Natalia Ch\u00e1vez se qued\u00f3 con el 2do lugar y M\u00e1ster C masculino, Diego Vidal tambi\u00e9n qued\u00f3 en el 2do puesto, mientras que en M\u00e1ster F Harris Gonz\u00e1lez Escobar finaliz\u00f3 1ro.<\/p>\n\n\n\n<p>Pasando a sprint, Florencia Gonz\u00e1lez Caba\u00f1as qued\u00f3 2da en adaptado PR1, mientras que en Adaptado Intelectual Sebasti\u00e1n Pineda y Gustavo Sotelo quedaron 1ro y 2do respectivamente. En Sub 12 femenino Luz Mar\u00eda Molina Weyler y Azul Parodi (representantes de la escuela de optimist de CRC) terminaron 1ra y 2da.<\/p>\n\n\n\n<p>El Sub 14 femenino qued\u00f3 para Fiorela M\u00e9ndez, y en 3er lugar Sabrina Zibelman, mientras que en Sub 18 Agostina Manzotti comparti\u00f3 el 1er puesto con Luana Sosa de Sajonia (Py). Camila Cabrera termin\u00f3 en 3er lugar en Libre femenino, y Tom\u00e1s Gonz\u00e1lez 3ro en Libre masculino.<\/p>\n\n\n\n<p>En M\u00e1ster A, Antonio M\u00e9ndez se qued\u00f3 con la de bronce. En el M\u00e1ster C masculino el oro qued\u00f3 para Diego Vidal, y Felipe Ojeda termin\u00f3 2do en M\u00e1ster E. Por su parte, Harris Gonz\u00e1lez Escobar repiti\u00f3 el 1er puesto en M\u00e1ster F.<\/p>\n\n\n\n<p>En lo que respecta a la modalidad por equipos, en doble mixto Sub 14 Sabrina Zibelman &#8211; Yonatan Pineda quedaron 2dos y Fiorela M\u00e9ndez &#8211; Cruz Rodr\u00edguez 3ros. Doble femenino Sub 14, Zibelman \u2013 M\u00e9ndez se quedaron con la de oro.<\/p>\n\n\n\n<p>En doble masculino Sub 16, Dom\u00ednguez \u2013 Reischer finalizaron 3ros. En dobles libre mixto, las duplas Manzotti \u2013 Gonz\u00e1lez y Cabrera \u2013 Leconte terminaron 2dos y 3ros respectivamente, mientras que Manzotti \u2013 Cabrera se quedaron con el 2do puesto en doble femenino libre.<\/p>\n\n\n\n<p>En M\u00e1ster B femenino, Hopkins \u2013 Mu\u00f1oa quedaron 3ras, y en masculino, Vidal \u2013 M\u00e9ndez se llevaron el 1er lugar. Por \u00faltmo, en M\u00e1ster C mixto Gonz\u00e1lez Escobar \u2013 Ch\u00e1vez terminaron 1ros.<\/p>\n\n\n\n<div class=\"wp-block-buttons aligncenter is-layout-flex wp-block-buttons-is-layout-flex\">\n<div class=\"wp-block-button\"><a class=\"wp-block-button__link has-white-color has-vivid-cyan-blue-background-color has-text-color has-background\" href=\"https:\/\/crc.org.ar\/w\/wp-content\/uploads\/2020\/10\/RESULTADOS-2X.pdf\" style=\"border-radius:2px\" target=\"_blank\" rel=\"noreferrer noopener\">Descargar resultado doble par<\/a><\/div>\n\n\n\n<div class=\"wp-block-button\"><a class=\"wp-block-button__link has-white-color has-vivid-cyan-blue-background-color has-text-color has-background\" href=\"https:\/\/crc.org.ar\/w\/wp-content\/uploads\/2020\/10\/RESULTADOS-REGATA.pdf\" style=\"border-radius:2px\" target=\"_blank\" rel=\"noreferrer noopener\">Descargar resultado regata<\/a><\/div>\n\n\n\n<div class=\"wp-block-button\"><a class=\"wp-block-button__link has-white-color has-vivid-cyan-blue-background-color has-text-color has-background\" href=\"https:\/\/crc.org.ar\/w\/wp-content\/uploads\/2020\/10\/RESULTADOS-SPRINT.pdf\" style=\"border-radius:2px\" target=\"_blank\" rel=\"noreferrer noopener\">Descargar resultado sprint<\/a><\/div>\n<\/div>\n","protected":false},"excerpt":{"rendered":"<p>(Jueves 1 de octubre de 2020). La competencia de remorg\u00f3metro virtual \u201c97 aniversario\u201d organizada por el Club de Regatas Corrientes cont\u00f3 con m\u00e1s de 500 participantes y m\u00e1s de 40 clubes. Hubo buena cosecha de los \u201cfantasmas\u201d. El fin de semana se llev\u00f3 a cabo la competencia de remorg\u00f3metro virtual, enmarcada dentro de las actividades &hellip;<\/p>\n","protected":false},"author":1,"featured_media":27174,"comment_status":"closed","ping_status":"closed","sticky":false,"template":"","format":"standard","meta":{"footnotes":""},"categories":[156,18],"tags":[],"_links":{"self":[{"href":"https:\/\/crc.org.ar\/w\/wp-json\/wp\/v2\/posts\/27172"}],"collection":[{"href":"https:\/\/crc.org.ar\/w\/wp-json\/wp\/v2\/posts"}],"about":[{"href":"https:\/\/crc.org.ar\/w\/wp-json\/wp\/v2\/types\/post"}],"author":[{"embeddable":true,"href":"https:\/\/crc.org.ar\/w\/wp-json\/wp\/v2\/users\/1"}],"replies":[{"embeddable":true,"href":"https:\/\/crc.org.ar\/w\/wp-json\/wp\/v2\/comments?post=27172"}],"version-history":[{"count":3,"href":"https:\/\/crc.org.ar\/w\/wp-json\/wp\/v2\/posts\/27172\/revisions"}],"predecessor-version":[{"id":27184,"href":"https:\/\/crc.org.ar\/w\/wp-json\/wp\/v2\/posts\/27172\/revisions\/27184"}],"wp:featuredmedia":[{"embeddable":true,"href":"https:\/\/crc.org.ar\/w\/wp-json\/wp\/v2\/media\/27174"}],"wp:attachment":[{"href":"https:\/\/crc.org.ar\/w\/wp-json\/wp\/v2\/media?parent=27172"}],"wp:term":[{"taxonomy":"category","embeddable":true,"href":"https:\/\/crc.org.ar\/w\/wp-json\/wp\/v2\/categories?post=27172"},{"taxonomy":"post_tag","embeddable":true,"href":"https:\/\/crc.org.ar\/w\/wp-json\/wp\/v2\/tags?post=27172"}],"curies":[{"name":"wp","href":"https:\/\/api.w.org\/{rel}","templated":true}]}}