{"id":27262,"date":"2020-10-20T11:31:19","date_gmt":"2020-10-20T14:31:19","guid":{"rendered":"https:\/\/crc.org.ar\/w\/?p=27262"},"modified":"2020-10-23T12:53:38","modified_gmt":"2020-10-23T15:53:38","slug":"regatas-invita-a-la-travesia-mes-rosa","status":"publish","type":"post","link":"https:\/\/crc.org.ar\/w\/regatas-invita-a-la-travesia-mes-rosa\/","title":{"rendered":"Regatas invita a la traves\u00eda \u201cMes Rosa\u201d"},"content":{"rendered":"\n<p>(Lunes 19 de octubre de 2020). Las disciplinas de remo y vela del Club de Regatas Corrientes se unen para llevar a cabo una traves\u00eda n\u00e1utica por el mes de la lucha contra el c\u00e1ncer de mama.<\/p>\n\n\n\n<!--more-->\n\n\n\n<p>El mes de octubre se conoce mundialmente como el \u201cmes rosa\u201d, que sirve para crear conciencia en hombres y mujeres sobre el c\u00e1ncer de mama, y el Club de Regatas Corrientes se suma a la campa\u00f1a y llevar\u00e1 a cabo una traves\u00eda n\u00e1utica para las socias de la instituci\u00f3n.<\/p>\n\n\n\n<p>La movida que surgi\u00f3 de la uni\u00f3n entre las disciplinas de remo y vela del club, se llevar\u00e1 a cabo el s\u00e1bado 24 a las 15 horas. La actividad es abierta para las socias del club de 14 a\u00f1os en adelante, y pueden hacerlo remando o en velero.<\/p>\n\n\n\n<p>Cabe destacar que el cupo para la actividad es limitado y para inscribirse deben completar el siguiente formulario: <a href=\"https:\/\/forms.gle\/mGcZftpZiTC6UHc18\" target=\"_blank\" rel=\"noreferrer noopener\"><span class=\"has-inline-color has-pale-cyan-blue-color\">https:\/\/forms.gle\/mGcZftpZiTC6UHc18<\/span><\/a>. Tambi\u00e9n, se pide que asistan a la traves\u00eda con alguna indumentaria de color rosa, para hacer alusi\u00f3n e ilustrar el evento.<\/p>\n\n\n\n<p>De momento, 10 capitanes de veleros ya confirmaron su presencia, con posibilidad que su sumen algunos m\u00e1s, lo que agrandar\u00e1 el cupo disponible. Por otro lado, para las que quieran remar hay lugar para 30 socias.<\/p>\n\n\n\n<p>De esta forma, el Club de Regatas Corrientes se suma a la campa\u00f1a del \u201cmes rosa\u201d por la concientizaci\u00f3n sobre el c\u00e1ncer de mama con una iniciativa para sus socias, que mezcla conciencia social con deporte.<\/p>\n","protected":false},"excerpt":{"rendered":"<p>(Lunes 19 de octubre de 2020). Las disciplinas de remo y vela del Club de Regatas Corrientes se unen para llevar a cabo una traves\u00eda n\u00e1utica por el mes de la lucha contra el c\u00e1ncer de mama. El mes de octubre se conoce mundialmente como el \u201cmes rosa\u201d, que sirve para crear conciencia en hombres &hellip;<\/p>\n","protected":false},"author":1,"featured_media":27263,"comment_status":"closed","ping_status":"closed","sticky":false,"template":"","format":"standard","meta":{"footnotes":""},"categories":[18,75],"tags":[],"_links":{"self":[{"href":"https:\/\/crc.org.ar\/w\/wp-json\/wp\/v2\/posts\/27262"}],"collection":[{"href":"https:\/\/crc.org.ar\/w\/wp-json\/wp\/v2\/posts"}],"about":[{"href":"https:\/\/crc.org.ar\/w\/wp-json\/wp\/v2\/types\/post"}],"author":[{"embeddable":true,"href":"https:\/\/crc.org.ar\/w\/wp-json\/wp\/v2\/users\/1"}],"replies":[{"embeddable":true,"href":"https:\/\/crc.org.ar\/w\/wp-json\/wp\/v2\/comments?post=27262"}],"version-history":[{"count":3,"href":"https:\/\/crc.org.ar\/w\/wp-json\/wp\/v2\/posts\/27262\/revisions"}],"predecessor-version":[{"id":27266,"href":"https:\/\/crc.org.ar\/w\/wp-json\/wp\/v2\/posts\/27262\/revisions\/27266"}],"wp:featuredmedia":[{"embeddable":true,"href":"https:\/\/crc.org.ar\/w\/wp-json\/wp\/v2\/media\/27263"}],"wp:attachment":[{"href":"https:\/\/crc.org.ar\/w\/wp-json\/wp\/v2\/media?parent=27262"}],"wp:term":[{"taxonomy":"category","embeddable":true,"href":"https:\/\/crc.org.ar\/w\/wp-json\/wp\/v2\/categories?post=27262"},{"taxonomy":"post_tag","embeddable":true,"href":"https:\/\/crc.org.ar\/w\/wp-json\/wp\/v2\/tags?post=27262"}],"curies":[{"name":"wp","href":"https:\/\/api.w.org\/{rel}","templated":true}]}}