{"id":27267,"date":"2020-10-23T12:53:20","date_gmt":"2020-10-23T15:53:20","guid":{"rendered":"https:\/\/crc.org.ar\/w\/?p=27267"},"modified":"2020-10-23T12:53:22","modified_gmt":"2020-10-23T15:53:22","slug":"suspendida-la-travesia-mes-rosa","status":"publish","type":"post","link":"https:\/\/crc.org.ar\/w\/suspendida-la-travesia-mes-rosa\/","title":{"rendered":"Suspendida la traves\u00eda \u201cmes rosa\u201d"},"content":{"rendered":"\n<p>(Viernes 23 de octubre de 2020). Por cuestiones organizativas, la traves\u00eda \u201cmes rosa\u201d, que ir\u00eda a realizarse el s\u00e1bado 24 por la tarde, queda suspendida.<\/p>\n\n\n\n<!--more-->\n\n\n\n<p>El Club de Regatas Corrientes junto con la subcomisi\u00f3n de remo y de vela, informaron que la traves\u00eda \u201cmes rosa\u201d, que iba a llevarse a cabo el s\u00e1bado 24 por la tarde partiendo desde el club \u201cremero\u201d, queda suspendida.<\/p>\n\n\n\n<p>Recordemos que la actividad se inscrib\u00eda dentro de lo referido al \u201cmes rosa\u201d, como es conocido el mes de octubre a nivel mundial, dentro de una campa\u00f1a que tiene como finalidad crear conciencia sobre el c\u00e1ncer de mama.<\/p>\n\n\n\n<p>Sin embargo, por cuestiones que refieren a la organizaci\u00f3n del evento la traves\u00eda queda suspendida, a la espera de novedades.<\/p>\n","protected":false},"excerpt":{"rendered":"<p>(Viernes 23 de octubre de 2020). Por cuestiones organizativas, la traves\u00eda \u201cmes rosa\u201d, que ir\u00eda a realizarse el s\u00e1bado 24 por la tarde, queda suspendida. El Club de Regatas Corrientes junto con la subcomisi\u00f3n de remo y de vela, informaron que la traves\u00eda \u201cmes rosa\u201d, que iba a llevarse a cabo el s\u00e1bado 24 por &hellip;<\/p>\n","protected":false},"author":1,"featured_media":27268,"comment_status":"closed","ping_status":"closed","sticky":false,"template":"","format":"standard","meta":{"footnotes":""},"categories":[156,18,75],"tags":[],"_links":{"self":[{"href":"https:\/\/crc.org.ar\/w\/wp-json\/wp\/v2\/posts\/27267"}],"collection":[{"href":"https:\/\/crc.org.ar\/w\/wp-json\/wp\/v2\/posts"}],"about":[{"href":"https:\/\/crc.org.ar\/w\/wp-json\/wp\/v2\/types\/post"}],"author":[{"embeddable":true,"href":"https:\/\/crc.org.ar\/w\/wp-json\/wp\/v2\/users\/1"}],"replies":[{"embeddable":true,"href":"https:\/\/crc.org.ar\/w\/wp-json\/wp\/v2\/comments?post=27267"}],"version-history":[{"count":1,"href":"https:\/\/crc.org.ar\/w\/wp-json\/wp\/v2\/posts\/27267\/revisions"}],"predecessor-version":[{"id":27269,"href":"https:\/\/crc.org.ar\/w\/wp-json\/wp\/v2\/posts\/27267\/revisions\/27269"}],"wp:featuredmedia":[{"embeddable":true,"href":"https:\/\/crc.org.ar\/w\/wp-json\/wp\/v2\/media\/27268"}],"wp:attachment":[{"href":"https:\/\/crc.org.ar\/w\/wp-json\/wp\/v2\/media?parent=27267"}],"wp:term":[{"taxonomy":"category","embeddable":true,"href":"https:\/\/crc.org.ar\/w\/wp-json\/wp\/v2\/categories?post=27267"},{"taxonomy":"post_tag","embeddable":true,"href":"https:\/\/crc.org.ar\/w\/wp-json\/wp\/v2\/tags?post=27267"}],"curies":[{"name":"wp","href":"https:\/\/api.w.org\/{rel}","templated":true}]}}