{"id":27293,"date":"2020-11-02T12:54:27","date_gmt":"2020-11-02T15:54:27","guid":{"rendered":"https:\/\/crc.org.ar\/w\/?p=27293"},"modified":"2020-11-02T12:55:50","modified_gmt":"2020-11-02T15:55:50","slug":"destacada-participacion-de-regatas-en-competencias-virtuales","status":"publish","type":"post","link":"https:\/\/crc.org.ar\/w\/destacada-participacion-de-regatas-en-competencias-virtuales\/","title":{"rendered":"Destacada participaci\u00f3n de Regatas en competencias virtuales"},"content":{"rendered":"\n<p>(Lunes 2 de noviembre de 2020). Los remeros del Club de Regatas Corrientes participaron de dos regatas virtuales internacionales consiguiendo muy buenos resultados.<\/p>\n\n\n\n<!--more-->\n\n\n\n<p>Ante los tiempos at\u00edpicos que estamos viviendo, el remo debi\u00f3 adaptarse, y por ello para seguir compitiendo se intensific\u00f3 la participaci\u00f3n en competencias virtuales, que tienen como centro la utilizaci\u00f3n del remoerg\u00f3metro.<\/p>\n\n\n\n<p>En este contexto, el pasado 23, 24 y 25 de octubre, el equipo de remo del Club de Regatas Corrientes particip\u00f3 de la Regata Internacional de Remo Indoor, organizado por la Asociaci\u00f3n de Clubes de Entre R\u00edos (ACRER).<\/p>\n\n\n\n<p>Pero no fue la \u00fanica, ya que tambi\u00e9n fueron parte de la Regata Virtual de la Asociaci\u00f3n de Remo Guanajuato, club n\u00e1utico de M\u00e9xico. Y lo destacado es que en ambas participaciones, los regatenses obtuvieron buenos resultados.<\/p>\n\n\n\n<p>Entre lo m\u00e1s destacado, se encuentra la participaci\u00f3n de Agostina Manzotti, quien obtuvo el primer puesto en ambas competencias, en la categor\u00eda individual Sub18. Adem\u00e1s, hubo muchos m\u00e1s podios de los remeros regatenses.<\/p>\n\n\n\n<p>Para culminar el calendario anual, los deportistas del Regatas participar\u00e1n de la Regata Virtual por el 92 Aniversario del Club N\u00e1utico Zarate a realizarse el 27 y 28 de noviembre.<\/p>\n\n\n\n<p><strong>Todos los resultados:<\/strong><\/p>\n\n\n\n<p>-Regata Internacional ACRER<br>Agostina Manzotti: primer puesto 1x sub 18, segundo puesto 1x sub 23<br>Natalia Chavez: Segundo puesto 2x Mujeres<br>Juan Francisco Torrent: tercer puesto 2x master E, segundo puesto 4x master E<br>Felipe Ojeda: tercer puesto 2x master E<br>Marcial Sanchez Negrette: segundo puesto 2x master F, segundo puesto 4x master E<br>Oscar Fern\u00e1ndez: segundo puesto 4x master E<br>Mat\u00edas Leconte: d\u00e9cimo puesto 1x sub 23<br>Tomas Romero: d\u00e9cimo primer puesto 1x sub 18<br>Tomas Gonz\u00e1lez: noveno puesto 1x libre<br>Diego Vidal: cuarto puesto 1x Master C<br>Elizabet Vallejos: quinto puesto 1x Master C<\/p>\n\n\n\n<p>-Regata Virtual Guanajuato<br>Ismael Moreira: primer puesto 1x sub 15<br>Agostina Manzotti: primer puesto 1x sub 18<br>Yonatan Pineda: segundo puesto 1x sub 15<br>Sabrina Zibelman: segundo puesto 1x sub 15<br>Mat\u00edas Leconte: tercer puesto 1x sub 23, tercer puesto 2x sub 23<br>Tomas Romero: tercer puesto 1x sub 18<br>Tomas Gonz\u00e1lez: tercer puesto 2x sub 23<br>Fausto Dom\u00ednguez: sexto puesto 1x sub 16<br>Santiago G\u00f3mez de la fuente: octavo puesto 1x sub 16<\/p>\n","protected":false},"excerpt":{"rendered":"<p>(Lunes 2 de noviembre de 2020). Los remeros del Club de Regatas Corrientes participaron de dos regatas virtuales internacionales consiguiendo muy buenos resultados. Ante los tiempos at\u00edpicos que estamos viviendo, el remo debi\u00f3 adaptarse, y por ello para seguir compitiendo se intensific\u00f3 la participaci\u00f3n en competencias virtuales, que tienen como centro la utilizaci\u00f3n del remoerg\u00f3metro. &hellip;<\/p>\n","protected":false},"author":1,"featured_media":27294,"comment_status":"closed","ping_status":"closed","sticky":false,"template":"","format":"standard","meta":{"footnotes":""},"categories":[156,18],"tags":[],"_links":{"self":[{"href":"https:\/\/crc.org.ar\/w\/wp-json\/wp\/v2\/posts\/27293"}],"collection":[{"href":"https:\/\/crc.org.ar\/w\/wp-json\/wp\/v2\/posts"}],"about":[{"href":"https:\/\/crc.org.ar\/w\/wp-json\/wp\/v2\/types\/post"}],"author":[{"embeddable":true,"href":"https:\/\/crc.org.ar\/w\/wp-json\/wp\/v2\/users\/1"}],"replies":[{"embeddable":true,"href":"https:\/\/crc.org.ar\/w\/wp-json\/wp\/v2\/comments?post=27293"}],"version-history":[{"count":1,"href":"https:\/\/crc.org.ar\/w\/wp-json\/wp\/v2\/posts\/27293\/revisions"}],"predecessor-version":[{"id":27295,"href":"https:\/\/crc.org.ar\/w\/wp-json\/wp\/v2\/posts\/27293\/revisions\/27295"}],"wp:featuredmedia":[{"embeddable":true,"href":"https:\/\/crc.org.ar\/w\/wp-json\/wp\/v2\/media\/27294"}],"wp:attachment":[{"href":"https:\/\/crc.org.ar\/w\/wp-json\/wp\/v2\/media?parent=27293"}],"wp:term":[{"taxonomy":"category","embeddable":true,"href":"https:\/\/crc.org.ar\/w\/wp-json\/wp\/v2\/categories?post=27293"},{"taxonomy":"post_tag","embeddable":true,"href":"https:\/\/crc.org.ar\/w\/wp-json\/wp\/v2\/tags?post=27293"}],"curies":[{"name":"wp","href":"https:\/\/api.w.org\/{rel}","templated":true}]}}