{"id":27666,"date":"2020-12-13T11:53:00","date_gmt":"2020-12-13T14:53:00","guid":{"rendered":"https:\/\/crc.org.ar\/w\/?p=27666"},"modified":"2020-12-13T11:53:02","modified_gmt":"2020-12-13T14:53:02","slug":"vuelve-la-escuela-de-remo-al-regatas","status":"publish","type":"post","link":"https:\/\/crc.org.ar\/w\/vuelve-la-escuela-de-remo-al-regatas\/","title":{"rendered":"Vuelve la escuela de remo al Regatas"},"content":{"rendered":"\n<p>(S\u00e1bado 12 de diciembre de 2020). La escuela de remo es una de las actividades que volvi\u00f3 al Club de Regatas Corrientes con los nuevos anuncios de las autoridades correspondientes. Podr\u00e1n sumarse desde los 10 a\u00f1os en adelante.<\/p>\n\n\n\n<!--more-->\n\n\n\n<p>Tras las nuevas medidas sanitarias conocidas para la provincia de Corrientes, y para su ciudad capital, el Club de Regatas Corrientes abri\u00f3 nuevamente la escuela de remo, para que todos sus socios puedan aprender esta actividad fundacional de la instituci\u00f3n del parque Mitre.<\/p>\n\n\n\n<div class=\"wp-block-image\"><figure class=\"aligncenter size-large\"><img loading=\"lazy\" decoding=\"async\" width=\"1280\" height=\"854\" src=\"https:\/\/crc.org.ar\/w\/wp-content\/uploads\/2020\/12\/Escuela.jpg\" alt=\"\" class=\"wp-image-27667\" srcset=\"https:\/\/crc.org.ar\/w\/wp-content\/uploads\/2020\/12\/Escuela.jpg 1280w, https:\/\/crc.org.ar\/w\/wp-content\/uploads\/2020\/12\/Escuela-300x200.jpg 300w, https:\/\/crc.org.ar\/w\/wp-content\/uploads\/2020\/12\/Escuela-768x512.jpg 768w\" sizes=\"(max-width: 1280px) 100vw, 1280px\" \/><\/figure><\/div>\n\n\n\n<p>Como es sabido, la escuela contar\u00e1 con un cupo limitado y reducido a causa de los protocolos vigentes y para disminuir la cantidad de personas en circulaci\u00f3n dentro de la instituci\u00f3n. Habr\u00e1 diferentes grupos, distribuidos por edades en distintos turnos.<\/p>\n\n\n\n<p>Los lunes, mi\u00e9rcoles y viernes de 8 a 9:30 ir\u00e1n los del Grupo 1 (13 a 15 a\u00f1os). El Grupo 2 (13 a 15 a\u00f1os) tendr\u00e1 su lugar los martes y jueves a la misma hora.<\/p>\n\n\n\n<p>Los m\u00e1s chicos, de 10 a 12 a\u00f1os, tendr\u00e1n tambi\u00e9n 2 turnos. Lunes y mi\u00e9rcoles de 9:30 a 11, y martes y jueves a la misma hora.<\/p>\n\n\n\n<p>Por la tarde, de 15 a 16:30, podr\u00e1n hacerlo los j\u00f3venes de 16 y 17 a\u00f1os. Tambi\u00e9n podr\u00e1n optar entre lunes, mi\u00e9rcoles y viernes, o martes y jueves.<\/p>\n\n\n\n<p>Los mayores de 18 a\u00f1os que est\u00e9n interesados en aprender a remar en la escuela del Club de Regatas, tienen la oportunidad los lunes y mi\u00e9rcoles de 17 a 18:30, y los martes y jueves en el mismo horario.<\/p>\n\n\n\n<p>Para completar el curso, se deber\u00e1n realizar aproximadamente 8 clases, o hasta que el instructor considere que ya se est\u00e1 preparado para poder salir individualmente a navegar.<\/p>\n\n\n\n<p>Para solicitar turno en alguno de los horarios, hay que comunicarse por WhatsApp al 3794588352, o al fijo 4424602.<\/p>\n","protected":false},"excerpt":{"rendered":"<p>(S\u00e1bado 12 de diciembre de 2020). La escuela de remo es una de las actividades que volvi\u00f3 al Club de Regatas Corrientes con los nuevos anuncios de las autoridades correspondientes. Podr\u00e1n sumarse desde los 10 a\u00f1os en adelante. Tras las nuevas medidas sanitarias conocidas para la provincia de Corrientes, y para su ciudad capital, el &hellip;<\/p>\n","protected":false},"author":1,"featured_media":27668,"comment_status":"closed","ping_status":"closed","sticky":false,"template":"","format":"standard","meta":{"footnotes":""},"categories":[156,18],"tags":[],"_links":{"self":[{"href":"https:\/\/crc.org.ar\/w\/wp-json\/wp\/v2\/posts\/27666"}],"collection":[{"href":"https:\/\/crc.org.ar\/w\/wp-json\/wp\/v2\/posts"}],"about":[{"href":"https:\/\/crc.org.ar\/w\/wp-json\/wp\/v2\/types\/post"}],"author":[{"embeddable":true,"href":"https:\/\/crc.org.ar\/w\/wp-json\/wp\/v2\/users\/1"}],"replies":[{"embeddable":true,"href":"https:\/\/crc.org.ar\/w\/wp-json\/wp\/v2\/comments?post=27666"}],"version-history":[{"count":1,"href":"https:\/\/crc.org.ar\/w\/wp-json\/wp\/v2\/posts\/27666\/revisions"}],"predecessor-version":[{"id":27669,"href":"https:\/\/crc.org.ar\/w\/wp-json\/wp\/v2\/posts\/27666\/revisions\/27669"}],"wp:featuredmedia":[{"embeddable":true,"href":"https:\/\/crc.org.ar\/w\/wp-json\/wp\/v2\/media\/27668"}],"wp:attachment":[{"href":"https:\/\/crc.org.ar\/w\/wp-json\/wp\/v2\/media?parent=27666"}],"wp:term":[{"taxonomy":"category","embeddable":true,"href":"https:\/\/crc.org.ar\/w\/wp-json\/wp\/v2\/categories?post=27666"},{"taxonomy":"post_tag","embeddable":true,"href":"https:\/\/crc.org.ar\/w\/wp-json\/wp\/v2\/tags?post=27666"}],"curies":[{"name":"wp","href":"https:\/\/api.w.org\/{rel}","templated":true}]}}