{"id":28071,"date":"2021-02-01T12:30:00","date_gmt":"2021-02-01T15:30:00","guid":{"rendered":"https:\/\/crc.org.ar\/w\/?p=28071"},"modified":"2021-02-01T12:39:36","modified_gmt":"2021-02-01T15:39:36","slug":"vuelve-el-cestoball-al-regatas","status":"publish","type":"post","link":"https:\/\/crc.org.ar\/w\/vuelve-el-cestoball-al-regatas\/","title":{"rendered":"Vuelve el cestoball al Regatas"},"content":{"rendered":"\n<p>(Lunes 1 de febrero de 2021). Luego de casi un a\u00f1o inactivo, volver\u00e1n al Regatas los entrenamientos de cestoball. Dar\u00e1n inicio todas las categor\u00edas, desde minis a mayores, que ir\u00e1n martes, jueves y s\u00e1bados.<\/p>\n\n\n\n<!--more-->\n\n\n\n<figure class=\"wp-block-image size-large\"><img loading=\"lazy\" decoding=\"async\" width=\"1311\" height=\"932\" src=\"https:\/\/crc.org.ar\/w\/wp-content\/uploads\/2021\/02\/Cesto-mini.jpeg\" alt=\"\" class=\"wp-image-28072\" srcset=\"https:\/\/crc.org.ar\/w\/wp-content\/uploads\/2021\/02\/Cesto-mini.jpeg 1311w, https:\/\/crc.org.ar\/w\/wp-content\/uploads\/2021\/02\/Cesto-mini-300x213.jpeg 300w, https:\/\/crc.org.ar\/w\/wp-content\/uploads\/2021\/02\/Cesto-mini-768x546.jpeg 768w\" sizes=\"(max-width: 1311px) 100vw, 1311px\" \/><\/figure>\n\n\n\n<p>El martes por la tarde, dar\u00e1 inicio despu\u00e9s de casi un a\u00f1o de inactividad el cestoball en el Club de Regatas Corrientes. Siempre trabajando con un estricto protocolo de seguridad sanitaria a cumplirse.<\/p>\n\n\n\n<p>Las clases ser\u00e1n los martes y jueves de 18 a 22, y los s\u00e1bados de 9 a 11, todas en el play\u00f3n 1 de la instituci\u00f3n del parque Mitre. Habr\u00e1 cupos limitados, por lo que es importante inscribirse.<\/p>\n\n\n\n<p>El primer turno ser\u00e1 para las m\u00e1s peque\u00f1as, las minis, que ir\u00e1n de 18 a 19. Luego, las infantiles entrenar\u00e1n de 19 a 20, y las cadetes de 20 a 21. El \u00faltimo turno arrancar\u00e1 a las 21 e ir\u00e1 hasta las 22, donde entrenaran las juveniles y las mayores.<\/p>\n\n\n\n<p>Recordemos que, es imprescindible asistir al club con el barbijo o tapaboca y nariz, adem\u00e1s de que cada deportista deber\u00e1 llevar sus elementos personales, como botellas de agua, toallas, etc.<\/p>\n\n\n\n<p>El club le proporcionar\u00e1 alcohol en gel al ingresar a las instalaciones, y tambi\u00e9n proceder\u00e1 a tomar la temperatura.<\/p>\n\n\n\n<p>Como parte del protocolo habr\u00e1 inscripci\u00f3n previa, con cupos limitados para cada categor\u00eda. Para solicitar su turno, se debe comunicar por <strong>WhatsApp <\/strong>al <strong>3794116810.<\/strong><\/p>\n","protected":false},"excerpt":{"rendered":"<p>(Lunes 1 de febrero de 2021). Luego de casi un a\u00f1o inactivo, volver\u00e1n al Regatas los entrenamientos de cestoball. Dar\u00e1n inicio todas las categor\u00edas, desde minis a mayores, que ir\u00e1n martes, jueves y s\u00e1bados. El martes por la tarde, dar\u00e1 inicio despu\u00e9s de casi un a\u00f1o de inactividad el cestoball en el Club de Regatas &hellip;<\/p>\n","protected":false},"author":1,"featured_media":28072,"comment_status":"closed","ping_status":"closed","sticky":false,"template":"","format":"standard","meta":{"footnotes":""},"categories":[82,156],"tags":[],"_links":{"self":[{"href":"https:\/\/crc.org.ar\/w\/wp-json\/wp\/v2\/posts\/28071"}],"collection":[{"href":"https:\/\/crc.org.ar\/w\/wp-json\/wp\/v2\/posts"}],"about":[{"href":"https:\/\/crc.org.ar\/w\/wp-json\/wp\/v2\/types\/post"}],"author":[{"embeddable":true,"href":"https:\/\/crc.org.ar\/w\/wp-json\/wp\/v2\/users\/1"}],"replies":[{"embeddable":true,"href":"https:\/\/crc.org.ar\/w\/wp-json\/wp\/v2\/comments?post=28071"}],"version-history":[{"count":1,"href":"https:\/\/crc.org.ar\/w\/wp-json\/wp\/v2\/posts\/28071\/revisions"}],"predecessor-version":[{"id":28073,"href":"https:\/\/crc.org.ar\/w\/wp-json\/wp\/v2\/posts\/28071\/revisions\/28073"}],"wp:featuredmedia":[{"embeddable":true,"href":"https:\/\/crc.org.ar\/w\/wp-json\/wp\/v2\/media\/28072"}],"wp:attachment":[{"href":"https:\/\/crc.org.ar\/w\/wp-json\/wp\/v2\/media?parent=28071"}],"wp:term":[{"taxonomy":"category","embeddable":true,"href":"https:\/\/crc.org.ar\/w\/wp-json\/wp\/v2\/categories?post=28071"},{"taxonomy":"post_tag","embeddable":true,"href":"https:\/\/crc.org.ar\/w\/wp-json\/wp\/v2\/tags?post=28071"}],"curies":[{"name":"wp","href":"https:\/\/api.w.org\/{rel}","templated":true}]}}