{"id":28322,"date":"2021-02-18T12:30:00","date_gmt":"2021-02-18T15:30:00","guid":{"rendered":"https:\/\/crc.org.ar\/w\/?p=28322"},"modified":"2021-02-18T12:49:31","modified_gmt":"2021-02-18T15:49:31","slug":"gran-jornada-de-remo-para-mujeres","status":"publish","type":"post","link":"https:\/\/crc.org.ar\/w\/gran-jornada-de-remo-para-mujeres\/","title":{"rendered":"Gran jornada de remo para mujeres"},"content":{"rendered":"\n<p>(Jueves 18 de febrero de 2021). La escuela de remo llev\u00f3 adelante una jornada integradora solamente para las mujeres que est\u00e1n aprendiendo a remar, en busca de fomentar proyectos para este deporte.<\/p>\n\n\n\n<!--more-->\n\n\n\n<p>El jueves por la ma\u00f1ana, el Club de Regatas Corrientes fue protagonista de una gran jornada integradora para las mujeres y ni\u00f1as que asisten a la escuela de remo. El objetivo fue buscar y fomentar nuevos proyectos femeninos para el deporte.<\/p>\n\n\n\n<figure class=\"wp-block-gallery columns-4 is-cropped wp-block-gallery-1 is-layout-flex wp-block-gallery-is-layout-flex\"><ul class=\"blocks-gallery-grid\"><li class=\"blocks-gallery-item\"><figure><img loading=\"lazy\" decoding=\"async\" width=\"800\" height=\"517\" src=\"https:\/\/crc.org.ar\/w\/wp-content\/uploads\/2021\/02\/DSC_0938-2.jpg\" alt=\"\" data-id=\"28323\" data-full-url=\"https:\/\/crc.org.ar\/w\/wp-content\/uploads\/2021\/02\/DSC_0938-2.jpg\" data-link=\"https:\/\/crc.org.ar\/w\/?attachment_id=28323\" class=\"wp-image-28323\" srcset=\"https:\/\/crc.org.ar\/w\/wp-content\/uploads\/2021\/02\/DSC_0938-2.jpg 800w, https:\/\/crc.org.ar\/w\/wp-content\/uploads\/2021\/02\/DSC_0938-2-300x194.jpg 300w, https:\/\/crc.org.ar\/w\/wp-content\/uploads\/2021\/02\/DSC_0938-2-768x496.jpg 768w\" sizes=\"(max-width: 800px) 100vw, 800px\" \/><\/figure><\/li><li class=\"blocks-gallery-item\"><figure><img loading=\"lazy\" decoding=\"async\" width=\"800\" height=\"569\" src=\"https:\/\/crc.org.ar\/w\/wp-content\/uploads\/2021\/02\/DSC_0945-3.jpg\" alt=\"\" data-id=\"28324\" data-full-url=\"https:\/\/crc.org.ar\/w\/wp-content\/uploads\/2021\/02\/DSC_0945-3.jpg\" data-link=\"https:\/\/crc.org.ar\/w\/?attachment_id=28324\" class=\"wp-image-28324\" srcset=\"https:\/\/crc.org.ar\/w\/wp-content\/uploads\/2021\/02\/DSC_0945-3.jpg 800w, https:\/\/crc.org.ar\/w\/wp-content\/uploads\/2021\/02\/DSC_0945-3-300x213.jpg 300w, https:\/\/crc.org.ar\/w\/wp-content\/uploads\/2021\/02\/DSC_0945-3-768x546.jpg 768w\" sizes=\"(max-width: 800px) 100vw, 800px\" \/><\/figure><\/li><li class=\"blocks-gallery-item\"><figure><img loading=\"lazy\" decoding=\"async\" width=\"600\" height=\"771\" src=\"https:\/\/crc.org.ar\/w\/wp-content\/uploads\/2021\/02\/DSC_0949-4.jpg\" alt=\"\" data-id=\"28325\" data-full-url=\"https:\/\/crc.org.ar\/w\/wp-content\/uploads\/2021\/02\/DSC_0949-4.jpg\" data-link=\"https:\/\/crc.org.ar\/w\/?attachment_id=28325\" class=\"wp-image-28325\" srcset=\"https:\/\/crc.org.ar\/w\/wp-content\/uploads\/2021\/02\/DSC_0949-4.jpg 600w, https:\/\/crc.org.ar\/w\/wp-content\/uploads\/2021\/02\/DSC_0949-4-233x300.jpg 233w\" sizes=\"(max-width: 600px) 100vw, 600px\" \/><\/figure><\/li><li class=\"blocks-gallery-item\"><figure><img loading=\"lazy\" decoding=\"async\" width=\"800\" height=\"530\" src=\"https:\/\/crc.org.ar\/w\/wp-content\/uploads\/2021\/02\/DSC_0955-5.jpg\" alt=\"\" data-id=\"28326\" data-full-url=\"https:\/\/crc.org.ar\/w\/wp-content\/uploads\/2021\/02\/DSC_0955-5.jpg\" data-link=\"https:\/\/crc.org.ar\/w\/?attachment_id=28326\" class=\"wp-image-28326\" srcset=\"https:\/\/crc.org.ar\/w\/wp-content\/uploads\/2021\/02\/DSC_0955-5.jpg 800w, https:\/\/crc.org.ar\/w\/wp-content\/uploads\/2021\/02\/DSC_0955-5-300x199.jpg 300w, https:\/\/crc.org.ar\/w\/wp-content\/uploads\/2021\/02\/DSC_0955-5-768x509.jpg 768w, https:\/\/crc.org.ar\/w\/wp-content\/uploads\/2021\/02\/DSC_0955-5-310x205.jpg 310w\" sizes=\"(max-width: 800px) 100vw, 800px\" \/><\/figure><\/li><li class=\"blocks-gallery-item\"><figure><img loading=\"lazy\" decoding=\"async\" width=\"800\" height=\"555\" src=\"https:\/\/crc.org.ar\/w\/wp-content\/uploads\/2021\/02\/DSC_0968-6.jpg\" alt=\"\" data-id=\"28327\" data-full-url=\"https:\/\/crc.org.ar\/w\/wp-content\/uploads\/2021\/02\/DSC_0968-6.jpg\" data-link=\"https:\/\/crc.org.ar\/w\/?attachment_id=28327\" class=\"wp-image-28327\" srcset=\"https:\/\/crc.org.ar\/w\/wp-content\/uploads\/2021\/02\/DSC_0968-6.jpg 800w, https:\/\/crc.org.ar\/w\/wp-content\/uploads\/2021\/02\/DSC_0968-6-300x208.jpg 300w, https:\/\/crc.org.ar\/w\/wp-content\/uploads\/2021\/02\/DSC_0968-6-768x533.jpg 768w, https:\/\/crc.org.ar\/w\/wp-content\/uploads\/2021\/02\/DSC_0968-6-110x75.jpg 110w\" sizes=\"(max-width: 800px) 100vw, 800px\" \/><\/figure><\/li><li class=\"blocks-gallery-item\"><figure><img loading=\"lazy\" decoding=\"async\" width=\"724\" height=\"600\" src=\"https:\/\/crc.org.ar\/w\/wp-content\/uploads\/2021\/02\/DSC_0972-7.jpg\" alt=\"\" data-id=\"28328\" data-full-url=\"https:\/\/crc.org.ar\/w\/wp-content\/uploads\/2021\/02\/DSC_0972-7.jpg\" data-link=\"https:\/\/crc.org.ar\/w\/?attachment_id=28328\" class=\"wp-image-28328\" srcset=\"https:\/\/crc.org.ar\/w\/wp-content\/uploads\/2021\/02\/DSC_0972-7.jpg 724w, https:\/\/crc.org.ar\/w\/wp-content\/uploads\/2021\/02\/DSC_0972-7-300x249.jpg 300w\" sizes=\"(max-width: 724px) 100vw, 724px\" \/><\/figure><\/li><\/ul><\/figure>\n\n\n\n<p>Con la participaci\u00f3n de m\u00e1s de 20 chicas, se lev\u00f3 adelante la jornada, en donde divididas en grupos por edades y por experiencia con el remo, fueron realizando distintas actividades.<\/p>\n\n\n\n<p>El grupo de las mayores salieron a r\u00edo en dobles y en dos cuatros largos, siempre acompa\u00f1adas de instructores y de otros deportistas ya con experiencia para hacer las veces de timonel.<\/p>\n\n\n\n<p>El grupo de las m\u00e1s peque\u00f1as, se quedaron en tierra firma con el coordinador de la disciplina, <strong>Harris Gonz\u00e1lez Escobar<\/strong>, para aprender los fundamentos m\u00e1s b\u00e1sicos del remo. Como subir a la embarcaci\u00f3n, la forma correcta de remar, las medidas de seguridad, entre otras cosas de suma importancia.<\/p>\n\n\n\n<p>Por otro lado, otro grupo se qued\u00f3 con otro de los instructores dentro del galp\u00f3n de botes, para realizar algunas mediciones necesarias, tales como altura, envergadura, capacidad de salto y fuerza dentro del remoerg\u00f3metro.<\/p>\n\n\n\n<p>Una linda jornada que comenz\u00f3 a las 9 de la ma\u00f1ana y se extendi\u00f3 hasta las 12, con chicas muy entusiasmadas, muchas haciendo las primeras armas en el remo con la esperanza de encontrar un deporte apasionante.&nbsp;<\/p>\n\n\n\n<p>De esta manera, el Club de Regatas Corrientes y la coordinaci\u00f3n de remo apuestan a encontrar y a formar j\u00f3venes proyectos para fomentar el crecimiento individual en el deporte, y el crecimiento tambi\u00e9n de la disciplina en s\u00ed. Y por otro lado, buscan crear un espacio de recreaci\u00f3n y esparcimiento a trav\u00e9s de un gran deporte que mezcla actividad f\u00edsica con naturaleza.&nbsp;<\/p>\n","protected":false},"excerpt":{"rendered":"<p>(Jueves 18 de febrero de 2021). La escuela de remo llev\u00f3 adelante una jornada integradora solamente para las mujeres que est\u00e1n aprendiendo a remar, en busca de fomentar proyectos para este deporte. El jueves por la ma\u00f1ana, el Club de Regatas Corrientes fue protagonista de una gran jornada integradora para las mujeres y ni\u00f1as que &hellip;<\/p>\n","protected":false},"author":1,"featured_media":28327,"comment_status":"closed","ping_status":"closed","sticky":false,"template":"","format":"standard","meta":{"footnotes":""},"categories":[156,18],"tags":[],"_links":{"self":[{"href":"https:\/\/crc.org.ar\/w\/wp-json\/wp\/v2\/posts\/28322"}],"collection":[{"href":"https:\/\/crc.org.ar\/w\/wp-json\/wp\/v2\/posts"}],"about":[{"href":"https:\/\/crc.org.ar\/w\/wp-json\/wp\/v2\/types\/post"}],"author":[{"embeddable":true,"href":"https:\/\/crc.org.ar\/w\/wp-json\/wp\/v2\/users\/1"}],"replies":[{"embeddable":true,"href":"https:\/\/crc.org.ar\/w\/wp-json\/wp\/v2\/comments?post=28322"}],"version-history":[{"count":1,"href":"https:\/\/crc.org.ar\/w\/wp-json\/wp\/v2\/posts\/28322\/revisions"}],"predecessor-version":[{"id":28329,"href":"https:\/\/crc.org.ar\/w\/wp-json\/wp\/v2\/posts\/28322\/revisions\/28329"}],"wp:featuredmedia":[{"embeddable":true,"href":"https:\/\/crc.org.ar\/w\/wp-json\/wp\/v2\/media\/28327"}],"wp:attachment":[{"href":"https:\/\/crc.org.ar\/w\/wp-json\/wp\/v2\/media?parent=28322"}],"wp:term":[{"taxonomy":"category","embeddable":true,"href":"https:\/\/crc.org.ar\/w\/wp-json\/wp\/v2\/categories?post=28322"},{"taxonomy":"post_tag","embeddable":true,"href":"https:\/\/crc.org.ar\/w\/wp-json\/wp\/v2\/tags?post=28322"}],"curies":[{"name":"wp","href":"https:\/\/api.w.org\/{rel}","templated":true}]}}