{"id":28338,"date":"2021-02-19T15:00:00","date_gmt":"2021-02-19T18:00:00","guid":{"rendered":"https:\/\/crc.org.ar\/w\/?p=28338"},"modified":"2021-02-19T15:09:49","modified_gmt":"2021-02-19T18:09:49","slug":"nadadores-regatenses-diran-presente-en-malvinas-arazaty","status":"publish","type":"post","link":"https:\/\/crc.org.ar\/w\/nadadores-regatenses-diran-presente-en-malvinas-arazaty\/","title":{"rendered":"Nadadores regatenses dir\u00e1n presente en Malvinas \u2013 Arazaty"},"content":{"rendered":"\n<p>(Viernes 19 de febrero de 2021). <strong>Ignacio Salazar, Valentino Greatti, Martina Sa, Ayel\u00e9n Cuevas y Sof\u00eda Fern\u00e1ndez <\/strong>estar\u00e1n participando del torneo de aguas abiertas Malvinas \u2013 Arazaty.<\/p>\n\n\n\n<!--more-->\n\n\n\n<p>Este domingo 21 por la ma\u00f1ana, a partir de las 9:30, se llevar\u00e1 a cabo el torneo de aguas abiertas \u201cMalvinas \u2013 Arazaty\u201d, que contar\u00e1 con la participaci\u00f3n del equipo de nataci\u00f3n del Club de Regatas Corrientes.<\/p>\n\n\n\n<figure class=\"wp-block-image size-large\"><img loading=\"lazy\" decoding=\"async\" width=\"800\" height=\"517\" src=\"https:\/\/crc.org.ar\/w\/wp-content\/uploads\/2021\/02\/Aguas-Abiertas3.jpg\" alt=\"\" class=\"wp-image-28339\" srcset=\"https:\/\/crc.org.ar\/w\/wp-content\/uploads\/2021\/02\/Aguas-Abiertas3.jpg 800w, https:\/\/crc.org.ar\/w\/wp-content\/uploads\/2021\/02\/Aguas-Abiertas3-300x194.jpg 300w, https:\/\/crc.org.ar\/w\/wp-content\/uploads\/2021\/02\/Aguas-Abiertas3-768x496.jpg 768w\" sizes=\"(max-width: 800px) 100vw, 800px\" \/><figcaption>????????????????????????????????????<\/figcaption><\/figure>\n\n\n\n<p>Los \u201cremeros\u201d que saldr\u00e1n en busca de los mejores puestos en el r\u00edo Paran\u00e1, ser\u00e1n <strong>Ignacio Salazar, Valentino Greatti, Martina Sa, Ayel\u00e9n Cuevas y Sof\u00eda Fern\u00e1ndez<\/strong>, quienes estar\u00e1n acompa\u00f1ados de su entrenador <strong>Leonardo Cabral.<\/strong><\/p>\n\n\n\n<p>La competencia consta de 1500 m. de extensi\u00f3n, y el recorrido ser\u00e1 desde la punta norte de la playa Islas Malvinas, ubicada en la costanera norte de la ciudad de Corrientes, hasta la punta ser la playa Arazaty.<\/p>\n\n\n\n<p>El certamen tendr\u00e1 un protocolo de seguridad por Covid-19, y por ello, lo nadadores largar\u00e1n cada 5 minutos en grupos de 20 organizados por categor\u00edas, para evitar aglomeraciones y que haya una mayor separaci\u00f3n entre los competidores.<\/p>\n\n\n\n<p>\u201cMalvinas \u2013 Arazaty\u201d est\u00e1 organizado por el ex nadador del Club de Regatas, <strong>Nicol\u00e1s Segurado<\/strong>, con el apoyo del Gobierno de la Provincia y de la Municipalidad de la Ciudad de Corrientes.<\/p>\n\n\n\n<p>Este torneo representar\u00e1 la segunda actividad para el equipo de aguas abiertas del club \u201cfantasma\u201d en este 2021, ya que recordemos que en enero participaron de la tradicional carrera en Federaci\u00f3n, Entre R\u00edos, donde <strong>Ignacio Salazar <\/strong>se qued\u00f3 con el primer puesto general, y <strong>Ayel\u00e9n Cuevas <\/strong>termin\u00f3 tercera en su categor\u00eda.<\/p>\n","protected":false},"excerpt":{"rendered":"<p>(Viernes 19 de febrero de 2021). Ignacio Salazar, Valentino Greatti, Martina Sa, Ayel\u00e9n Cuevas y Sof\u00eda Fern\u00e1ndez estar\u00e1n participando del torneo de aguas abiertas Malvinas \u2013 Arazaty. Este domingo 21 por la ma\u00f1ana, a partir de las 9:30, se llevar\u00e1 a cabo el torneo de aguas abiertas \u201cMalvinas \u2013 Arazaty\u201d, que contar\u00e1 con la participaci\u00f3n &hellip;<\/p>\n","protected":false},"author":1,"featured_media":28339,"comment_status":"closed","ping_status":"closed","sticky":false,"template":"","format":"standard","meta":{"footnotes":""},"categories":[151,156],"tags":[],"_links":{"self":[{"href":"https:\/\/crc.org.ar\/w\/wp-json\/wp\/v2\/posts\/28338"}],"collection":[{"href":"https:\/\/crc.org.ar\/w\/wp-json\/wp\/v2\/posts"}],"about":[{"href":"https:\/\/crc.org.ar\/w\/wp-json\/wp\/v2\/types\/post"}],"author":[{"embeddable":true,"href":"https:\/\/crc.org.ar\/w\/wp-json\/wp\/v2\/users\/1"}],"replies":[{"embeddable":true,"href":"https:\/\/crc.org.ar\/w\/wp-json\/wp\/v2\/comments?post=28338"}],"version-history":[{"count":1,"href":"https:\/\/crc.org.ar\/w\/wp-json\/wp\/v2\/posts\/28338\/revisions"}],"predecessor-version":[{"id":28340,"href":"https:\/\/crc.org.ar\/w\/wp-json\/wp\/v2\/posts\/28338\/revisions\/28340"}],"wp:featuredmedia":[{"embeddable":true,"href":"https:\/\/crc.org.ar\/w\/wp-json\/wp\/v2\/media\/28339"}],"wp:attachment":[{"href":"https:\/\/crc.org.ar\/w\/wp-json\/wp\/v2\/media?parent=28338"}],"wp:term":[{"taxonomy":"category","embeddable":true,"href":"https:\/\/crc.org.ar\/w\/wp-json\/wp\/v2\/categories?post=28338"},{"taxonomy":"post_tag","embeddable":true,"href":"https:\/\/crc.org.ar\/w\/wp-json\/wp\/v2\/tags?post=28338"}],"curies":[{"name":"wp","href":"https:\/\/api.w.org\/{rel}","templated":true}]}}