{"id":28593,"date":"2021-03-17T09:53:45","date_gmt":"2021-03-17T12:53:45","guid":{"rendered":"https:\/\/crc.org.ar\/w\/?p=28593"},"modified":"2021-03-17T09:53:46","modified_gmt":"2021-03-17T12:53:46","slug":"remeros-van-a-villa-constitucion-por-el-sueno-de-la-seleccion","status":"publish","type":"post","link":"https:\/\/crc.org.ar\/w\/remeros-van-a-villa-constitucion-por-el-sueno-de-la-seleccion\/","title":{"rendered":"Remeros van a Villa Constituci\u00f3n por el sue\u00f1o de la selecci\u00f3n"},"content":{"rendered":"\n<p>(Mi\u00e9rcoles 17 de marzo de 2021). 4 \u201cremeros\u201d de Regatas Corrientes le dar\u00e1n continuidad al selectivo en la ciudad de Villa Constituci\u00f3n, Santa Fe, donde por primera vez en el 2021 el proceso ser\u00e1 dentro el agua.<\/p>\n\n\n\n<!--more-->\n\n\n\n<p>El equipo oficial y parte del equipo promocional de remo del Club de Regatas Corrientes viaj\u00f3 en la madrugada del mi\u00e9rcoles 17 de marzo con rumbo a Villa Constituci\u00f3n, Santa Fe, para darle continuidad al Proceso Selectivo Anual de Clubes de la AARA.<\/p>\n\n\n\n<figure class=\"wp-block-image size-large\"><img loading=\"lazy\" decoding=\"async\" width=\"1280\" height=\"980\" src=\"https:\/\/crc.org.ar\/w\/wp-content\/uploads\/2021\/03\/Equipo-remo.jpeg\" alt=\"\" class=\"wp-image-28594\" srcset=\"https:\/\/crc.org.ar\/w\/wp-content\/uploads\/2021\/03\/Equipo-remo.jpeg 1280w, https:\/\/crc.org.ar\/w\/wp-content\/uploads\/2021\/03\/Equipo-remo-300x230.jpeg 300w, https:\/\/crc.org.ar\/w\/wp-content\/uploads\/2021\/03\/Equipo-remo-768x588.jpeg 768w\" sizes=\"(max-width: 1280px) 100vw, 1280px\" \/><\/figure>\n\n\n\n<p>La delegaci\u00f3n est\u00e1 compuesta por <strong>Agostina Manzotti, Tom\u00e1s Romero, Mat\u00edas Leconte y Natalia Ch\u00e1vez<\/strong> como remeros que participar\u00e1n del Selectivo. En tanto que <strong>Sabrina Zibelman <\/strong>estar\u00e1 compitiendo en la primera regata oficial del a\u00f1o que tambi\u00e9n se llevar\u00e1 a cabo all\u00ed.<\/p>\n\n\n\n<p>El equipo est\u00e1 acompa\u00f1ado por el coordinador de la disciplina, <strong>Harris Gonz\u00e1lez Escobar, <\/strong>y por algunos padres. Cabe destacar que el plantel pudo lograr el objetivo de viajar con los propios botes del club, afrontando en gran gasto econ\u00f3mico que significa.<\/p>\n\n\n\n<p>En el Club N\u00e1utico Villa Constituci\u00f3n participar\u00e1n en primer lugar del Selectivo nacional abierto para todos los clubes, donde competir\u00e1n el pr\u00f3ximo jueves y viernes en las categor\u00edas j\u00fanior (Romero), Sub23 masculino (Leconte) y femenino (Manzotti), y Senior peso ligero (Ch\u00e1vez).<\/p>\n\n\n\n<p>A su vez, todos estar\u00e1n presentes en la Regata Oficial y Promocional a realizarse los d\u00edas s\u00e1bado y domingo en el mismo club. All\u00ed competir\u00e1 en las categor\u00edas sub 14 y sub16 <strong>Sabrina Zibelman. <\/strong>Mientras que los otros 4 deportistas lo har\u00e1n en sus respectivas categor\u00edas, j\u00fanior, Sub23 y senior.<\/p>\n\n\n\n<p>Recordemos que el Proceso Selectivo hab\u00eda dado inicio hace un mes, el pasado 13 de febrero, donde los regatenses debieron completar diferentes pruebas, todas en remoerg\u00f3metro desde el mismo club. Los resultados luego fueron enviados a la AARA y todos quedaron bien posicionados.<\/p>\n\n\n\n<p>Cabe destacar que luego del gran parate en el calendario del remo nacional por la pandemia, Regatas Corrientes volver\u00e1 a tener representaci\u00f3n en un evento tan importante. &nbsp;<\/p>\n","protected":false},"excerpt":{"rendered":"<p>(Mi\u00e9rcoles 17 de marzo de 2021). 4 \u201cremeros\u201d de Regatas Corrientes le dar\u00e1n continuidad al selectivo en la ciudad de Villa Constituci\u00f3n, Santa Fe, donde por primera vez en el 2021 el proceso ser\u00e1 dentro el agua. El equipo oficial y parte del equipo promocional de remo del Club de Regatas Corrientes viaj\u00f3 en la &hellip;<\/p>\n","protected":false},"author":1,"featured_media":28594,"comment_status":"closed","ping_status":"closed","sticky":false,"template":"","format":"standard","meta":{"footnotes":""},"categories":[156,18],"tags":[],"_links":{"self":[{"href":"https:\/\/crc.org.ar\/w\/wp-json\/wp\/v2\/posts\/28593"}],"collection":[{"href":"https:\/\/crc.org.ar\/w\/wp-json\/wp\/v2\/posts"}],"about":[{"href":"https:\/\/crc.org.ar\/w\/wp-json\/wp\/v2\/types\/post"}],"author":[{"embeddable":true,"href":"https:\/\/crc.org.ar\/w\/wp-json\/wp\/v2\/users\/1"}],"replies":[{"embeddable":true,"href":"https:\/\/crc.org.ar\/w\/wp-json\/wp\/v2\/comments?post=28593"}],"version-history":[{"count":1,"href":"https:\/\/crc.org.ar\/w\/wp-json\/wp\/v2\/posts\/28593\/revisions"}],"predecessor-version":[{"id":28595,"href":"https:\/\/crc.org.ar\/w\/wp-json\/wp\/v2\/posts\/28593\/revisions\/28595"}],"wp:featuredmedia":[{"embeddable":true,"href":"https:\/\/crc.org.ar\/w\/wp-json\/wp\/v2\/media\/28594"}],"wp:attachment":[{"href":"https:\/\/crc.org.ar\/w\/wp-json\/wp\/v2\/media?parent=28593"}],"wp:term":[{"taxonomy":"category","embeddable":true,"href":"https:\/\/crc.org.ar\/w\/wp-json\/wp\/v2\/categories?post=28593"},{"taxonomy":"post_tag","embeddable":true,"href":"https:\/\/crc.org.ar\/w\/wp-json\/wp\/v2\/tags?post=28593"}],"curies":[{"name":"wp","href":"https:\/\/api.w.org\/{rel}","templated":true}]}}