{"id":28690,"date":"2021-03-26T10:44:00","date_gmt":"2021-03-26T13:44:00","guid":{"rendered":"https:\/\/crc.org.ar\/w\/?p=28690"},"modified":"2021-03-26T11:32:58","modified_gmt":"2021-03-26T14:32:58","slug":"gonzalez-escobar-lo-bueno-fue-estar-presente-y-poder-representar-al-club","status":"publish","type":"post","link":"https:\/\/crc.org.ar\/w\/gonzalez-escobar-lo-bueno-fue-estar-presente-y-poder-representar-al-club\/","title":{"rendered":"Gonz\u00e1lez Escobar: \u201cLo bueno fue estar presente y poder representar al club\u201d"},"content":{"rendered":"\n<p>(Vernes 26 de marzo de 2021). El coordinador de la disciplina de remo habl\u00f3 luego de la experiencia en Villa Constituci\u00f3n y dijo que, \u201cestamos por el buen camino, pero nos falta trabajo\u201d. Adem\u00e1s, este s\u00e1bado se realizar\u00e1 la \u00faltima parte del Proceso Selectivo Anual de la AARA.<\/p>\n\n\n\n<!--more-->\n\n\n\n<p>El pasado fin de semana en las instalaciones del Club N\u00e1utico Villa Constituci\u00f3n se llev\u00f3 a cabo la continuidad del Proceso Selectivo Anual de Clubes de la Asociaci\u00f3n Argentina de Remeros Amateurs (AARA) y tambi\u00e9n se corri\u00f3 la primera Regata promocional y oficial del a\u00f1o.<\/p>\n\n\n\n<p>En dicho encuentro estuvieron presentes los deportistas del Club de Regatas Corrientes, quienes sumaron mucha experiencia con esta participaci\u00f3n luego de mucho tiempo de ausencias. El que estuvo acompa\u00f1ando al equipo fue el coordinador de la disciplina, <strong>Harris Gonz\u00e1lez Escobar<\/strong>, que habl\u00f3 y dej\u00f3 sus conceptos sobre el evento.<\/p>\n\n\n\n<figure class=\"wp-block-gallery columns-2 is-cropped wp-block-gallery-1 is-layout-flex wp-block-gallery-is-layout-flex\"><ul class=\"blocks-gallery-grid\"><li class=\"blocks-gallery-item\"><figure><img loading=\"lazy\" decoding=\"async\" width=\"1280\" height=\"720\" src=\"https:\/\/crc.org.ar\/w\/wp-content\/uploads\/2021\/03\/Equipo-Remo-1.jpeg\" alt=\"\" data-id=\"28691\" data-full-url=\"https:\/\/crc.org.ar\/w\/wp-content\/uploads\/2021\/03\/Equipo-Remo-1.jpeg\" data-link=\"https:\/\/crc.org.ar\/w\/?attachment_id=28691\" class=\"wp-image-28691\" srcset=\"https:\/\/crc.org.ar\/w\/wp-content\/uploads\/2021\/03\/Equipo-Remo-1.jpeg 1280w, https:\/\/crc.org.ar\/w\/wp-content\/uploads\/2021\/03\/Equipo-Remo-1-300x169.jpeg 300w, https:\/\/crc.org.ar\/w\/wp-content\/uploads\/2021\/03\/Equipo-Remo-1-768x432.jpeg 768w\" sizes=\"(max-width: 1280px) 100vw, 1280px\" \/><\/figure><\/li><li class=\"blocks-gallery-item\"><figure><img loading=\"lazy\" decoding=\"async\" width=\"1160\" height=\"868\" src=\"https:\/\/crc.org.ar\/w\/wp-content\/uploads\/2021\/03\/Zibelman-Manzotti-Harris.jpeg\" alt=\"\" data-id=\"28692\" data-full-url=\"https:\/\/crc.org.ar\/w\/wp-content\/uploads\/2021\/03\/Zibelman-Manzotti-Harris.jpeg\" data-link=\"https:\/\/crc.org.ar\/w\/?attachment_id=28692\" class=\"wp-image-28692\" srcset=\"https:\/\/crc.org.ar\/w\/wp-content\/uploads\/2021\/03\/Zibelman-Manzotti-Harris.jpeg 1160w, https:\/\/crc.org.ar\/w\/wp-content\/uploads\/2021\/03\/Zibelman-Manzotti-Harris-300x224.jpeg 300w, https:\/\/crc.org.ar\/w\/wp-content\/uploads\/2021\/03\/Zibelman-Manzotti-Harris-768x575.jpeg 768w\" sizes=\"(max-width: 1160px) 100vw, 1160px\" \/><\/figure><\/li><\/ul><\/figure>\n\n\n\n<p>\u201cLo bueno fue estar presente y poder representar de nuevo al club en estas competencias\u201d, comenz\u00f3 diciendo el entrenador, teniendo en cuenta que hac\u00eda m\u00e1s de 4 a\u00f1os que el Club de Regatas Corrientes no participaba en estos tipos de evaluaciones y de regatas.<\/p>\n\n\n\n<p>\u201cHab\u00eda 175 atletas evalu\u00e1ndose, y eso nos dio una medida justa para saber el nivel en el que estamos, lo que nos permite hacer una evaluaci\u00f3n positiva de donde estamos parados, pero tambi\u00e9n ser conscientes de que tenemos que trabajar mucho m\u00e1s y estar m\u00e1s cerca de lo que son los de primer nivel\u201d, continu\u00f3 el uruguayo.<\/p>\n\n\n\n<p>En la misma l\u00ednea, agreg\u00f3 que, \u201cestamos por el buen camino, pero nos falta trabajo y nos falta estar en la competencia m\u00e1s de seguido. De todas formas, cumplimos con lo que pretend\u00edamos en cuanto a los resultados\u201d.<\/p>\n\n\n\n<p>Recordemos que en el evaluativo, <strong>Natalia Ch\u00e1vez <\/strong>termin\u00f3 5\u00b0 en la categor\u00eda Senior peso ligero. <strong>Agostina Manzotti <\/strong>por su parte, finaliz\u00f3 8\u00b0 entre las Senior B peso completo. Y en cuanto a los chicos, <strong>Mat\u00edas Leconte <\/strong>finaliz\u00f3 en el puesto 16, y <strong>Tom\u00e1s Romero <\/strong>entre los 20 mejores en la categor\u00eda Junior, donde eran m\u00e1s de 40 remeros.<\/p>\n\n\n\n<p>En cuanto a las regatas promocionales y oficiales, <strong>Irizna Zibelman <\/strong>se qued\u00f3 con el bronce en Sub14 promocional. <strong>Manzotti <\/strong>tambi\u00e9n se subi\u00f3 al podio en el 3\u00b0 lugar en Sub23 peso completo. <strong>Ch\u00e1vez <\/strong>qued\u00f3 4\u00b0 en su categor\u00eda, y <strong>Leconte y Romero <\/strong>en dobles terminaron 4\u00b0, y <strong>Leconte <\/strong>en single Sub23 termin\u00f3 5\u00b0.<\/p>\n\n\n\n<p>\u201cLa falta de regatas es notoria en los chicos, y la falta del club en regatas oficiales tambi\u00e9n, los chicos fueron nuevos en la parte competitiva y eso vamos a tratar de ir cambi\u00e1ndolo\u201d, continu\u00f3 diciendo <strong>Harris<\/strong>.<\/p>\n\n\n\n<p>Por \u00faltimo, finaliz\u00f3: \u201cPoder ir a estas regatas, estas evaluaciones, y convivir con muchos deportistas m\u00e1s y vivir 5 d\u00edas a pleno con el remo es una experiencia nueva para ellos, y fue lo fundamental de haber podido estar presentes\u201d.<\/p>\n\n\n\n<p><strong>\u00daltima etapa del Selectivo<\/strong><\/p>\n\n\n\n<p>Este s\u00e1bado a partir de las 8 de la ma\u00f1ana, los atletas del Club de Regatas Corrientes estar\u00e1n llevando a cabo la \u00faltima etapa del Proceso Selectivo Anual de Clubes de la AARA, que constar\u00e1 de 2000 m. en remoerg\u00f3metro.<\/p>\n\n\n\n<p>Cabe destacar que los atletas que participan son: <strong>Tom\u00e1s Romeros, Mat\u00edas Leconte, Natalia Ch\u00e1vez y Agostina Manzotti<\/strong>. Todos ellos vienen trabajando desde el 14 de febrero pasado cuando dio inicio la primera etapa, tambi\u00e9n con pruebas de remoerg\u00f3metro. &nbsp;&nbsp;&nbsp;<\/p>\n","protected":false},"excerpt":{"rendered":"<p>(Vernes 26 de marzo de 2021). El coordinador de la disciplina de remo habl\u00f3 luego de la experiencia en Villa Constituci\u00f3n y dijo que, \u201cestamos por el buen camino, pero nos falta trabajo\u201d. Adem\u00e1s, este s\u00e1bado se realizar\u00e1 la \u00faltima parte del Proceso Selectivo Anual de la AARA. El pasado fin de semana en las &hellip;<\/p>\n","protected":false},"author":1,"featured_media":28692,"comment_status":"closed","ping_status":"closed","sticky":false,"template":"","format":"standard","meta":{"footnotes":""},"categories":[156,18],"tags":[],"_links":{"self":[{"href":"https:\/\/crc.org.ar\/w\/wp-json\/wp\/v2\/posts\/28690"}],"collection":[{"href":"https:\/\/crc.org.ar\/w\/wp-json\/wp\/v2\/posts"}],"about":[{"href":"https:\/\/crc.org.ar\/w\/wp-json\/wp\/v2\/types\/post"}],"author":[{"embeddable":true,"href":"https:\/\/crc.org.ar\/w\/wp-json\/wp\/v2\/users\/1"}],"replies":[{"embeddable":true,"href":"https:\/\/crc.org.ar\/w\/wp-json\/wp\/v2\/comments?post=28690"}],"version-history":[{"count":1,"href":"https:\/\/crc.org.ar\/w\/wp-json\/wp\/v2\/posts\/28690\/revisions"}],"predecessor-version":[{"id":28693,"href":"https:\/\/crc.org.ar\/w\/wp-json\/wp\/v2\/posts\/28690\/revisions\/28693"}],"wp:featuredmedia":[{"embeddable":true,"href":"https:\/\/crc.org.ar\/w\/wp-json\/wp\/v2\/media\/28692"}],"wp:attachment":[{"href":"https:\/\/crc.org.ar\/w\/wp-json\/wp\/v2\/media?parent=28690"}],"wp:term":[{"taxonomy":"category","embeddable":true,"href":"https:\/\/crc.org.ar\/w\/wp-json\/wp\/v2\/categories?post=28690"},{"taxonomy":"post_tag","embeddable":true,"href":"https:\/\/crc.org.ar\/w\/wp-json\/wp\/v2\/tags?post=28690"}],"curies":[{"name":"wp","href":"https:\/\/api.w.org\/{rel}","templated":true}]}}