{"id":28786,"date":"2021-04-06T19:00:00","date_gmt":"2021-04-06T22:00:00","guid":{"rendered":"https:\/\/crc.org.ar\/w\/?p=28786"},"modified":"2021-04-07T09:48:55","modified_gmt":"2021-04-07T12:48:55","slug":"la-pileta-de-las-alegrias-la-historia-de-graciela-martelotte","status":"publish","type":"post","link":"https:\/\/crc.org.ar\/w\/la-pileta-de-las-alegrias-la-historia-de-graciela-martelotte\/","title":{"rendered":"La pileta de las alegr\u00edas: la historia de Graciela Martelotte"},"content":{"rendered":"\n<p>(Martes 5 de abril de 2021). Historias de vida relacionadas con el Club de Regatas Corrientes, y m\u00e1s precisamente con el natatorio de la instituci\u00f3n, donde el agua cura. En esta oportunidad conocemos la historia de <strong>Graciela Martelotte <\/strong>y sus \u201camores que sanan\u201d.<\/p>\n\n\n\n<!--more-->\n\n\n\n<p>Otro cap\u00edtulo de estas hermosas historias llega en la voz de <strong>Graciela Martelotte<\/strong>, quien, seg\u00fan sus compa\u00f1eras y su profesor, es como la \u201cjefa\u201d del grupo, es quien organiza las reuniones, los festejos, y quien siempre intenta unir a las chicas.<\/p>\n\n\n\n<p>Cuando se trata de hablar o de ponerle voz a toda la clase de aquagym, de seguro que es a ella a quien todos recurre, o es en ella donde recae esa responsabilidad, como por ejemplo de hablar con la prensa.<\/p>\n\n\n\n<p>Adem\u00e1s, a pesar de haber pasado por varias enfermedades a lo largo de su vida, siempre se sobrepuso y pudo estar en el club que ama, y en la disciplina que le devuelve la vida. En esta gran entrevista, <strong>Graciela <\/strong>nos cuenta como se dio su regreso a la actividad despu\u00e9s de un a\u00f1o dificil para ella y deja mensajes sumamente importantes.<\/p>\n\n\n\n<figure class=\"wp-block-gallery columns-2 is-cropped wp-block-gallery-1 is-layout-flex wp-block-gallery-is-layout-flex\"><ul class=\"blocks-gallery-grid\"><li class=\"blocks-gallery-item\"><figure><img loading=\"lazy\" decoding=\"async\" width=\"1280\" height=\"720\" src=\"https:\/\/crc.org.ar\/w\/wp-content\/uploads\/2021\/04\/Graciela-Martelotte.jpeg\" alt=\"\" data-id=\"28787\" data-full-url=\"https:\/\/crc.org.ar\/w\/wp-content\/uploads\/2021\/04\/Graciela-Martelotte.jpeg\" data-link=\"https:\/\/crc.org.ar\/w\/?attachment_id=28787\" class=\"wp-image-28787\" srcset=\"https:\/\/crc.org.ar\/w\/wp-content\/uploads\/2021\/04\/Graciela-Martelotte.jpeg 1280w, https:\/\/crc.org.ar\/w\/wp-content\/uploads\/2021\/04\/Graciela-Martelotte-300x169.jpeg 300w, https:\/\/crc.org.ar\/w\/wp-content\/uploads\/2021\/04\/Graciela-Martelotte-768x432.jpeg 768w\" sizes=\"(max-width: 1280px) 100vw, 1280px\" \/><\/figure><\/li><li class=\"blocks-gallery-item\"><figure><img loading=\"lazy\" decoding=\"async\" width=\"1280\" height=\"590\" src=\"https:\/\/crc.org.ar\/w\/wp-content\/uploads\/2021\/04\/Recibida-1.jpeg\" alt=\"\" data-id=\"28788\" data-full-url=\"https:\/\/crc.org.ar\/w\/wp-content\/uploads\/2021\/04\/Recibida-1.jpeg\" data-link=\"https:\/\/crc.org.ar\/w\/?attachment_id=28788\" class=\"wp-image-28788\" srcset=\"https:\/\/crc.org.ar\/w\/wp-content\/uploads\/2021\/04\/Recibida-1.jpeg 1280w, https:\/\/crc.org.ar\/w\/wp-content\/uploads\/2021\/04\/Recibida-1-300x138.jpeg 300w, https:\/\/crc.org.ar\/w\/wp-content\/uploads\/2021\/04\/Recibida-1-768x354.jpeg 768w\" sizes=\"(max-width: 1280px) 100vw, 1280px\" \/><\/figure><\/li><li class=\"blocks-gallery-item\"><figure><img loading=\"lazy\" decoding=\"async\" width=\"1280\" height=\"589\" src=\"https:\/\/crc.org.ar\/w\/wp-content\/uploads\/2021\/04\/recibida-2.jpeg\" alt=\"\" data-id=\"28789\" data-full-url=\"https:\/\/crc.org.ar\/w\/wp-content\/uploads\/2021\/04\/recibida-2.jpeg\" data-link=\"https:\/\/crc.org.ar\/w\/?attachment_id=28789\" class=\"wp-image-28789\" srcset=\"https:\/\/crc.org.ar\/w\/wp-content\/uploads\/2021\/04\/recibida-2.jpeg 1280w, https:\/\/crc.org.ar\/w\/wp-content\/uploads\/2021\/04\/recibida-2-300x138.jpeg 300w, https:\/\/crc.org.ar\/w\/wp-content\/uploads\/2021\/04\/recibida-2-768x353.jpeg 768w\" sizes=\"(max-width: 1280px) 100vw, 1280px\" \/><\/figure><\/li><\/ul><\/figure>\n\n\n\n<p><strong>\u00bfQu\u00e9 sensaciones ten\u00e9s al poder volver a las clases de aquagym?<\/strong><\/p>\n\n\n\n<p>Estoy muy contenta de volver a estar ac\u00e1 en el club de mis amores. Estos son amores que sanan, y que ayudan toda la vida.Yo soy socia del Club de Regatas Corrientes de toda la vida, y cuando mis hijos eran chicos, el club era el patio de nuestra casa, nosotros viv\u00edamos muy cerca por Catamarca, y terminaban de hacer la tarea e inmediatamente \u00edbamos al Regatas. Ac\u00e1 cri\u00e9 a mis hijos, al igual que muchas de mis compa\u00f1eras de aquagym.<\/p>\n\n\n\n<p><strong>\u00bfPor qu\u00e9 estas clases son tan aclamadas?<\/strong><\/p>\n\n\n\n<p>Esta es la \u00fanica actividad, o una de las \u00fanicas, que podemos hacer sin lastimarnos, y por eso estamos muy agradecidos al club por habernos dado este espacio para nosotras, ya que es una disciplina que nos gusta mucho, es muy divertida, y adem\u00e1s no tiene impacto en nuestro f\u00edsico. Adem\u00e1s, <strong>Javier Valbuena<\/strong>es una persona sumamente carism\u00e1tica, es muy cari\u00f1oso, es como el hijo de cada uno de nosotros. Lo queremos realmente y lo respetamos, y las clases de \u00e9l, para m\u00ed sobre todo en este particular momento, son como volver a la vida.<\/p>\n\n\n\n<p><strong>El 2020 habr\u00e1 sido muy dificil para vos, \u00bfno?<\/strong><\/p>\n\n\n\n<p>El a\u00f1o pasado a las semanas de poder volver aqu\u00ed a la pileta empec\u00e9 a notar unos ganglios inflamados, me hice unos estudios correspondientes y era c\u00e1ncer, uno en espec\u00edfico que no se puede operar, o sea que se trata solamente con quimioterapia. Estuve varios meses con el tratamiento, que te saca fuerzas, produce mucho cansancio, te debilita y por ello me hab\u00edan prohibido hacer aquagym.Termin\u00e9 la sesi\u00f3n de quimio y se retrajo la enfermedad, porque este tipo de linfoma posee dos formas de Hodking y No Hodking. El primero es el m\u00e1s grave, y por suerte yo tuve el segundo, y es complicado porque te lleva mucho tratamiento, pero no mata.<\/p>\n\n\n\n<figure class=\"wp-block-embed is-type-video is-provider-youtube wp-block-embed-youtube wp-embed-aspect-16-9 wp-has-aspect-ratio\"><div class=\"wp-block-embed__wrapper\">\n<iframe loading=\"lazy\" title=\"\u00a1Conocemos a Graciela Martelotte!\" width=\"500\" height=\"281\" src=\"https:\/\/www.youtube.com\/embed\/r1EW2YijFPk?feature=oembed\" frameborder=\"0\" allow=\"accelerometer; autoplay; clipboard-write; encrypted-media; gyroscope; picture-in-picture; web-share\" referrerpolicy=\"strict-origin-when-cross-origin\" allowfullscreen><\/iframe>\n<\/div><\/figure>\n\n\n\n<p><strong>Al superar esa primera parte de la enfermedad, \u00bfc\u00f3mo fue el reencuentro con el grupo?<\/strong><\/p>\n\n\n\n<p>Y luego de todo esto, mi doctor por suerte me permiti\u00f3 volver a aquagym. Mis compa\u00f1eras y el profe me hicieron una bienvenida hermosa, es un hermoso grupo, y no somos solo compa\u00f1eras de aquagym, porque en este espacio se comparte nacimientos, fallecimientos, enfermedades, en fin, compartimos la vida misma.<\/p>\n\n\n\n<p><strong>Adem\u00e1s, lleg\u00f3 el Covid-19, \u00bfla cuarentena y el distanciamiento como te trataron?<\/strong><\/p>\n\n\n\n<p>Siempre me sent\u00ed acompa\u00f1ada a pesar de la soledad a la que fui confinada, ya que con el coronavirus nadie pod\u00eda visitarme, no se pod\u00eda salir a ning\u00fan lugar, y todos ellos me dieron muchas energ\u00edas para continuar. Mis amigas todos los d\u00edas me alentaban en el grupo que tenemos, con fuerzas, mensajes, oraciones, y yo creo que si hoy estoy ac\u00e1 es por el apoyo que me han brindado este, y mis otros grupos de amigas que tengo, adem\u00e1s de la familia, claro est\u00e1.<\/p>\n\n\n\n<p><strong>Alg\u00fan mensaje para la gente que est\u00e9 atravesando la enfermedad\u2026<\/strong><\/p>\n\n\n\n<p>Yo fui 30 a\u00f1os presidenta de la Asociaci\u00f3n de Lucha Contra el C\u00e1ncer, y el mensaje que quiero dejar a todas las personas que padecen esto es que no se dejen vencer, la ciencia ha adelantado much\u00edsimo y el c\u00e1ncer, hoy en d\u00eda, tomado a tiempo y con el tratamiento adecuado se puede curar.<\/p>\n\n\n\n<p><strong>Por \u00faltimo, en todo esto que nos contaste, \u00bfqu\u00e9 representa el Club de Regatas?<\/strong><\/p>\n\n\n\n<p>El Regatas es mi segundo hogar, porque realmente el club para m\u00ed es sumamente importante, lo llevo en el coraz\u00f3n. Yo era presidenta de la Federaci\u00f3n de Cesto de Corrientes, pero primero fui delegada por el club cuando mis hijas jugaban, siempre peleando y defendiendo a mi club y a las chicas. Y hoy en d\u00eda, poder venir despu\u00e9s de todo lo que pas\u00e9 me alegra much\u00edsimo, ya sea a la pileta, a la playa, o lo que fuera, amo al club.<\/p>\n","protected":false},"excerpt":{"rendered":"<p>(Martes 5 de abril de 2021). Historias de vida relacionadas con el Club de Regatas Corrientes, y m\u00e1s precisamente con el natatorio de la instituci\u00f3n, donde el agua cura. En esta oportunidad conocemos la historia de Graciela Martelotte y sus \u201camores que sanan\u201d. Otro cap\u00edtulo de estas hermosas historias llega en la voz de Graciela &hellip;<\/p>\n","protected":false},"author":1,"featured_media":28789,"comment_status":"closed","ping_status":"closed","sticky":false,"template":"","format":"standard","meta":{"footnotes":""},"categories":[88,156],"tags":[],"_links":{"self":[{"href":"https:\/\/crc.org.ar\/w\/wp-json\/wp\/v2\/posts\/28786"}],"collection":[{"href":"https:\/\/crc.org.ar\/w\/wp-json\/wp\/v2\/posts"}],"about":[{"href":"https:\/\/crc.org.ar\/w\/wp-json\/wp\/v2\/types\/post"}],"author":[{"embeddable":true,"href":"https:\/\/crc.org.ar\/w\/wp-json\/wp\/v2\/users\/1"}],"replies":[{"embeddable":true,"href":"https:\/\/crc.org.ar\/w\/wp-json\/wp\/v2\/comments?post=28786"}],"version-history":[{"count":2,"href":"https:\/\/crc.org.ar\/w\/wp-json\/wp\/v2\/posts\/28786\/revisions"}],"predecessor-version":[{"id":28791,"href":"https:\/\/crc.org.ar\/w\/wp-json\/wp\/v2\/posts\/28786\/revisions\/28791"}],"wp:featuredmedia":[{"embeddable":true,"href":"https:\/\/crc.org.ar\/w\/wp-json\/wp\/v2\/media\/28789"}],"wp:attachment":[{"href":"https:\/\/crc.org.ar\/w\/wp-json\/wp\/v2\/media?parent=28786"}],"wp:term":[{"taxonomy":"category","embeddable":true,"href":"https:\/\/crc.org.ar\/w\/wp-json\/wp\/v2\/categories?post=28786"},{"taxonomy":"post_tag","embeddable":true,"href":"https:\/\/crc.org.ar\/w\/wp-json\/wp\/v2\/tags?post=28786"}],"curies":[{"name":"wp","href":"https:\/\/api.w.org\/{rel}","templated":true}]}}