{"id":28796,"date":"2021-04-08T20:00:16","date_gmt":"2021-04-08T23:00:16","guid":{"rendered":"https:\/\/crc.org.ar\/w\/?p=28796"},"modified":"2021-04-10T11:31:09","modified_gmt":"2021-04-10T14:31:09","slug":"marcon-son-dos-partidos-claves-para-ganarlos","status":"publish","type":"post","link":"https:\/\/crc.org.ar\/w\/marcon-son-dos-partidos-claves-para-ganarlos\/","title":{"rendered":"Marc\u00f3n: \u201cson dos partidos claves para ganarlos\u201d"},"content":{"rendered":"\n<p>(Jueves 8 de abril de 2021). Regatas Corrientes recibir\u00e1 a su hom\u00f3nimo de Resistencia y a Ober\u00e1 Tenis Club en una doble jornada del Torneo Federal. En la previa <strong>Joaqu\u00edn Marc\u00f3n <\/strong>dijo que \u201cson dos partidos claves para ganarlos, empezar a acomodarnos en la tabla y mejorar al equipo an\u00edmicamente\u201d.<\/p>\n\n\n\n<!--more-->\n\n\n\n<p>El pr\u00f3ximo viernes y s\u00e1bado desde las 21:30 en el Jos\u00e9 Jorge Contte el Club de Regatas Corrientes recibir\u00e1 a Regatas Resistencia y a Ober\u00e1 Tenis Club por las fechas 6 y 7 de la Zona NEA del Torneo Federal de B\u00e1squetbol, respectivamente.<\/p>\n\n\n\n<figure class=\"wp-block-gallery columns-2 is-cropped wp-block-gallery-1 is-layout-flex wp-block-gallery-is-layout-flex\"><ul class=\"blocks-gallery-grid\"><li class=\"blocks-gallery-item\"><figure><img loading=\"lazy\" decoding=\"async\" width=\"765\" height=\"799\" src=\"https:\/\/crc.org.ar\/w\/wp-content\/uploads\/2021\/04\/Marcon-1.jpeg\" alt=\"\" data-id=\"28797\" data-full-url=\"https:\/\/crc.org.ar\/w\/wp-content\/uploads\/2021\/04\/Marcon-1.jpeg\" data-link=\"https:\/\/crc.org.ar\/w\/?attachment_id=28797\" class=\"wp-image-28797\" srcset=\"https:\/\/crc.org.ar\/w\/wp-content\/uploads\/2021\/04\/Marcon-1.jpeg 765w, https:\/\/crc.org.ar\/w\/wp-content\/uploads\/2021\/04\/Marcon-1-287x300.jpeg 287w\" sizes=\"(max-width: 765px) 100vw, 765px\" \/><\/figure><\/li><li class=\"blocks-gallery-item\"><figure><img loading=\"lazy\" decoding=\"async\" width=\"977\" height=\"793\" src=\"https:\/\/crc.org.ar\/w\/wp-content\/uploads\/2021\/04\/Marcon-2.jpeg\" alt=\"\" data-id=\"28798\" data-full-url=\"https:\/\/crc.org.ar\/w\/wp-content\/uploads\/2021\/04\/Marcon-2.jpeg\" data-link=\"https:\/\/crc.org.ar\/w\/?attachment_id=28798\" class=\"wp-image-28798\" srcset=\"https:\/\/crc.org.ar\/w\/wp-content\/uploads\/2021\/04\/Marcon-2.jpeg 977w, https:\/\/crc.org.ar\/w\/wp-content\/uploads\/2021\/04\/Marcon-2-300x244.jpeg 300w, https:\/\/crc.org.ar\/w\/wp-content\/uploads\/2021\/04\/Marcon-2-768x623.jpeg 768w\" sizes=\"(max-width: 977px) 100vw, 977px\" \/><\/figure><\/li><\/ul><\/figure>\n\n\n\n<p>Los duelos, como todos los encuentros del campeonato, ser\u00e1n transmitidos en vivo a trav\u00e9s de CABB Contenidos en YouTube. Adem\u00e1s, los jueces ser\u00e1n <strong>Juan Cama\u00f1o<\/strong> y <strong>Ram\u00f3n Villalva <\/strong>y el comisionado t\u00e9cnico <strong>N\u00e9stor Rossi<\/strong> para el encuentro del viernes, y <strong>Diego Acu\u00f1a <\/strong>y<strong> Lucas Sotelo<\/strong>, con <strong>Daniela Kessler <\/strong>como comisionada el d\u00eda s\u00e1bado.<\/p>\n\n\n\n<p>El \u201cremero\u201d buscar\u00e1 volver a sonre\u00edr despu\u00e9s de acumular 3 derrotas consecutivas (Comunicaciones, Sarmiento y Tokio) para acomodarse mejor en la tabla de cara a la segunda ronda de la fase de grupos. Por ahora, se ubica 6\u00b0 con 1 victoria y 4 derrotas.<\/p>\n\n\n\n<p>El primer rival de turno, su hom\u00f3nimo de la capital chaque\u00f1a, se encuentra por encima en la tabla con 2 victorias y 3 derrotas, por lo que en caso de ganar autom\u00e1ticamente subir\u00e1 un escal\u00f3n y se quedar\u00e1 con el 5\u00b0 puesto.<\/p>\n\n\n\n<p>El s\u00e1bado, el \u201cfantasma\u201d se ver\u00e1 nuevamente la cara con OTC, otro rival cercano en la tabla. Los dirigidos por <strong>Lucas Gornatti<\/strong> solamente ganaron en la 1\u00b0 fecha justamente frente a Regatas (83 &#8211; 77) y luego cayeron en cuatro ocasiones seguidas (Tokio, Regatas Resistencia, Col\u00f3n y Comunicaciones).<\/p>\n\n\n\n<p>El que habl\u00f3 en la previa fue uno de los referentes del equipo, <strong>Joaqu\u00edn Marc\u00f3n<\/strong>, quien dijo, \u201cse vienen dos partidos duros, m\u00e1s para nosotros, va a ser la primera vez que enfrentemos a Regatas Resistencia, esperamos sacar un resultado positivo y hacer un buen partido, para acomodarnos un poco m\u00e1s en la tabla\u201d.<\/p>\n\n\n\n<p>\u201cA Ober\u00e1 ya lo conocemos de la 1\u00b0 fecha, y queremos una revancha, queremos sacarlo adelante ac\u00e1 en nuestra en casa, lo que nos va a servir mucho\u201d, agreg\u00f3 el ala pivote \u201cremero\u201d en l\u00ednea con lo anterior.<\/p>\n\n\n\n<p>Adem\u00e1s, cont\u00f3: \u201cyo creo que son dos partidos claves para ganarlos, empezar a acomodarnos en la tabla y mejorar al equipo an\u00edmicamente\u201d.<\/p>\n\n\n\n<p>Finalmente, hizo alusi\u00f3n al rendimiento colectivo y al proceso de formaci\u00f3n: \u201cel equipo lo veo bien, creo que estamos mejorando d\u00eda a d\u00eda en cada entrenamiento, la gente tiene que entender que somos un equipo muy joven, que nuestro objetivo es desarrollar jugadores, y veo que todos estamos teniendo un crecimiento, aunque de todas formas queremos sacar mejores resultados\u201d.&nbsp; &nbsp;<strong>&nbsp;<\/strong>&nbsp;&nbsp;&nbsp;&nbsp;<\/p>\n","protected":false},"excerpt":{"rendered":"<p>(Jueves 8 de abril de 2021). Regatas Corrientes recibir\u00e1 a su hom\u00f3nimo de Resistencia y a Ober\u00e1 Tenis Club en una doble jornada del Torneo Federal. En la previa Joaqu\u00edn Marc\u00f3n dijo que \u201cson dos partidos claves para ganarlos, empezar a acomodarnos en la tabla y mejorar al equipo an\u00edmicamente\u201d. El pr\u00f3ximo viernes y s\u00e1bado &hellip;<\/p>\n","protected":false},"author":1,"featured_media":28798,"comment_status":"closed","ping_status":"closed","sticky":false,"template":"","format":"standard","meta":{"footnotes":""},"categories":[112],"tags":[],"_links":{"self":[{"href":"https:\/\/crc.org.ar\/w\/wp-json\/wp\/v2\/posts\/28796"}],"collection":[{"href":"https:\/\/crc.org.ar\/w\/wp-json\/wp\/v2\/posts"}],"about":[{"href":"https:\/\/crc.org.ar\/w\/wp-json\/wp\/v2\/types\/post"}],"author":[{"embeddable":true,"href":"https:\/\/crc.org.ar\/w\/wp-json\/wp\/v2\/users\/1"}],"replies":[{"embeddable":true,"href":"https:\/\/crc.org.ar\/w\/wp-json\/wp\/v2\/comments?post=28796"}],"version-history":[{"count":1,"href":"https:\/\/crc.org.ar\/w\/wp-json\/wp\/v2\/posts\/28796\/revisions"}],"predecessor-version":[{"id":28799,"href":"https:\/\/crc.org.ar\/w\/wp-json\/wp\/v2\/posts\/28796\/revisions\/28799"}],"wp:featuredmedia":[{"embeddable":true,"href":"https:\/\/crc.org.ar\/w\/wp-json\/wp\/v2\/media\/28798"}],"wp:attachment":[{"href":"https:\/\/crc.org.ar\/w\/wp-json\/wp\/v2\/media?parent=28796"}],"wp:term":[{"taxonomy":"category","embeddable":true,"href":"https:\/\/crc.org.ar\/w\/wp-json\/wp\/v2\/categories?post=28796"},{"taxonomy":"post_tag","embeddable":true,"href":"https:\/\/crc.org.ar\/w\/wp-json\/wp\/v2\/tags?post=28796"}],"curies":[{"name":"wp","href":"https:\/\/api.w.org\/{rel}","templated":true}]}}