{"id":28800,"date":"2021-04-09T11:00:00","date_gmt":"2021-04-09T14:00:00","guid":{"rendered":"https:\/\/crc.org.ar\/w\/?p=28800"},"modified":"2021-04-09T11:51:37","modified_gmt":"2021-04-09T14:51:37","slug":"sofia-fernandez-a-entre-rios-para-sumar-experiencia","status":"publish","type":"post","link":"https:\/\/crc.org.ar\/w\/sofia-fernandez-a-entre-rios-para-sumar-experiencia\/","title":{"rendered":"Sof\u00eda Fern\u00e1ndez a Entre R\u00edos para sumar experiencia"},"content":{"rendered":"\n<p>(Viernes 9 de abril de 2021). La nadadora de Regatas Corrientes, <strong>Sof\u00eda Fern\u00e1ndez<\/strong>, estar\u00e1 participando el fin de semana en el torneo de aguas abiertas \u201cExperiencia Estancia Grande\u201d en busca de sumar experiencia.<\/p>\n\n\n\n<!--more-->\n\n\n\n<p>El domingo por la ma\u00f1ana se estar\u00e1 llevando a cabo el certamen de nataci\u00f3n en aguas abiertas \u201cExperiencia Estancia Grande\u201d, el cual tendr\u00e1 su origen en Concordia y finalizar\u00e1 en la playa del municipio Estancia Grande, Entre R\u00edos.<\/p>\n\n\n\n<figure class=\"wp-block-image size-large\"><img loading=\"lazy\" decoding=\"async\" width=\"1499\" height=\"1000\" src=\"https:\/\/crc.org.ar\/w\/wp-content\/uploads\/2021\/04\/Sofia-Fernandez.jpg\" alt=\"\" class=\"wp-image-28801\" srcset=\"https:\/\/crc.org.ar\/w\/wp-content\/uploads\/2021\/04\/Sofia-Fernandez.jpg 1499w, https:\/\/crc.org.ar\/w\/wp-content\/uploads\/2021\/04\/Sofia-Fernandez-300x200.jpg 300w, https:\/\/crc.org.ar\/w\/wp-content\/uploads\/2021\/04\/Sofia-Fernandez-768x512.jpg 768w\" sizes=\"(max-width: 1499px) 100vw, 1499px\" \/><\/figure>\n\n\n\n<p>El certamen a realizarse en la vecina provincia tendr\u00e1 presencia de una nadadora del Club de Regatas Corrientes, ya que <strong>Sof\u00eda Fern\u00e1ndez <\/strong>estar\u00e1 nadando en busca de sumar experiencia y de subirse a alg\u00fan podio.<\/p>\n\n\n\n<p>La competencia consta de 9,5 km., y se desarrollar\u00e1 \u00edntegramente en la afluencia del r\u00edo Uruguay. La salida se har\u00e1 desde la playa \u201cLos Sauces\u201d, en Concordia, y finalizar\u00e1 llegando al municipio de Estancia Grande.<\/p>\n\n\n\n<p>La competencia que tendr\u00e1 cupos limitados en cuanto a cantidad de participante por su protocolo de Covid-19, tendr\u00e1 un tiempo m\u00e1ximo de 2 horas y 40 minutos para la llegada. Se puede ver el circuito entero <a href=\"https:\/\/www.google.com\/maps\/d\/u\/0\/viewer?mid=1gMmJfO5hg9mLPuiIIGJTxKdqxsNIOQ1G&amp;ll=-31.43333816753965%2C-58.051364226489255&amp;z=14\">aqu\u00ed<\/a>.<\/p>\n\n\n\n<p><strong>Fern\u00e1ndez <\/strong>estar\u00e1 participando de la categor\u00eda de damas juveniles buscando subir al podio de dicha categor\u00eda. De la misma forma que podr\u00e1 hacerlo en la general de damas.<\/p>\n","protected":false},"excerpt":{"rendered":"<p>(Viernes 9 de abril de 2021). La nadadora de Regatas Corrientes, Sof\u00eda Fern\u00e1ndez, estar\u00e1 participando el fin de semana en el torneo de aguas abiertas \u201cExperiencia Estancia Grande\u201d en busca de sumar experiencia. El domingo por la ma\u00f1ana se estar\u00e1 llevando a cabo el certamen de nataci\u00f3n en aguas abiertas \u201cExperiencia Estancia Grande\u201d, el cual &hellip;<\/p>\n","protected":false},"author":1,"featured_media":28801,"comment_status":"closed","ping_status":"closed","sticky":false,"template":"","format":"standard","meta":{"footnotes":""},"categories":[69,156],"tags":[],"_links":{"self":[{"href":"https:\/\/crc.org.ar\/w\/wp-json\/wp\/v2\/posts\/28800"}],"collection":[{"href":"https:\/\/crc.org.ar\/w\/wp-json\/wp\/v2\/posts"}],"about":[{"href":"https:\/\/crc.org.ar\/w\/wp-json\/wp\/v2\/types\/post"}],"author":[{"embeddable":true,"href":"https:\/\/crc.org.ar\/w\/wp-json\/wp\/v2\/users\/1"}],"replies":[{"embeddable":true,"href":"https:\/\/crc.org.ar\/w\/wp-json\/wp\/v2\/comments?post=28800"}],"version-history":[{"count":1,"href":"https:\/\/crc.org.ar\/w\/wp-json\/wp\/v2\/posts\/28800\/revisions"}],"predecessor-version":[{"id":28802,"href":"https:\/\/crc.org.ar\/w\/wp-json\/wp\/v2\/posts\/28800\/revisions\/28802"}],"wp:featuredmedia":[{"embeddable":true,"href":"https:\/\/crc.org.ar\/w\/wp-json\/wp\/v2\/media\/28801"}],"wp:attachment":[{"href":"https:\/\/crc.org.ar\/w\/wp-json\/wp\/v2\/media?parent=28800"}],"wp:term":[{"taxonomy":"category","embeddable":true,"href":"https:\/\/crc.org.ar\/w\/wp-json\/wp\/v2\/categories?post=28800"},{"taxonomy":"post_tag","embeddable":true,"href":"https:\/\/crc.org.ar\/w\/wp-json\/wp\/v2\/tags?post=28800"}],"curies":[{"name":"wp","href":"https:\/\/api.w.org\/{rel}","templated":true}]}}