{"id":28845,"date":"2021-04-16T12:30:00","date_gmt":"2021-04-16T15:30:00","guid":{"rendered":"https:\/\/crc.org.ar\/w\/?p=28845"},"modified":"2021-04-17T13:45:38","modified_gmt":"2021-04-17T16:45:38","slug":"se-viene-la-regata-interna-dia-del-remero","status":"publish","type":"post","link":"https:\/\/crc.org.ar\/w\/se-viene-la-regata-interna-dia-del-remero\/","title":{"rendered":"Se viene la regata interna \u201cD\u00eda del Remero\u201d"},"content":{"rendered":"\n<p>(Viernes 16 de abril de 2021). El Club de Regatas Corrientes llevar\u00e1 a cabo una regata interna en celebraci\u00f3n al d\u00eda del remero, con participaci\u00f3n de chicos de la escuela, del equipo oficial y de los m\u00e1sters.<\/p>\n\n\n\n<!--more-->\n\n\n\n<p>El 11 de abril se celebr\u00f3 en Argentina el d\u00eda del remero en homenaje al nacimiento de Alberto Demiddi, el m\u00e1ximo exponente del remo en el pa\u00eds, quien consigui\u00f3 medallas de plata y de bronce en los Juegos Ol\u00edmpicos de 1972 y 1968 respectivamente.<\/p>\n\n\n\n<p>Por este motivo, el Club de Regatas Corrientes con la subcomisi\u00f3n de remo organizaron la regata interna \u201cD\u00eda del Remero\u201d para el s\u00e1bado a partir de las 10 de la ma\u00f1ana, que servir\u00e1 para rendir homenaje.<\/p>\n\n\n\n<div class=\"wp-block-image\"><figure class=\"aligncenter size-large\"><img loading=\"lazy\" decoding=\"async\" width=\"800\" height=\"530\" src=\"https:\/\/crc.org.ar\/w\/wp-content\/uploads\/2021\/04\/Remo.jpg\" alt=\"\" class=\"wp-image-28846\" srcset=\"https:\/\/crc.org.ar\/w\/wp-content\/uploads\/2021\/04\/Remo.jpg 800w, https:\/\/crc.org.ar\/w\/wp-content\/uploads\/2021\/04\/Remo-300x199.jpg 300w, https:\/\/crc.org.ar\/w\/wp-content\/uploads\/2021\/04\/Remo-768x509.jpg 768w, https:\/\/crc.org.ar\/w\/wp-content\/uploads\/2021\/04\/Remo-310x205.jpg 310w\" sizes=\"(max-width: 800px) 100vw, 800px\" \/><\/figure><\/div>\n\n\n\n<p>De la competencia estar\u00e1n participando los j\u00f3venes que asisten a la escuela de remo, los que componen los equipos oficiales, y tambi\u00e9n los remeros que compiten en la categor\u00eda m\u00e1ster.<\/p>\n\n\n\n<p>La modalidad ser\u00e1 por equipos, donde competir\u00e1n en single, doble con timonel y cuatro con timonel. Los equipos deben estar formados por 8 remeros y remeras de distintas edades.<\/p>\n\n\n\n<p>A partir de las distintas regatas, los equipos sumar\u00e1n puntos y de all\u00ed se determinar\u00e1n los ganadores. Para que todos tengan participaci\u00f3n, no podr\u00e1n repetir remeros tras las regatas, potenciando tambi\u00e9n las virtudes de cada uno en las distintas modalidades.<\/p>\n\n\n\n<p>La cita est\u00e1 hecha a las 10 de la ma\u00f1ana en el galp\u00f3n de botes de la instituci\u00f3n del parque Mitre, y tendr\u00e1 en la direcci\u00f3n del evento al coordinador de la disciplina <strong>Harris Gonz\u00e1lez Escobar<\/strong>.<\/p>\n","protected":false},"excerpt":{"rendered":"<p>(Viernes 16 de abril de 2021). El Club de Regatas Corrientes llevar\u00e1 a cabo una regata interna en celebraci\u00f3n al d\u00eda del remero, con participaci\u00f3n de chicos de la escuela, del equipo oficial y de los m\u00e1sters. El 11 de abril se celebr\u00f3 en Argentina el d\u00eda del remero en homenaje al nacimiento de Alberto &hellip;<\/p>\n","protected":false},"author":1,"featured_media":28846,"comment_status":"closed","ping_status":"closed","sticky":false,"template":"","format":"standard","meta":{"footnotes":""},"categories":[18],"tags":[],"_links":{"self":[{"href":"https:\/\/crc.org.ar\/w\/wp-json\/wp\/v2\/posts\/28845"}],"collection":[{"href":"https:\/\/crc.org.ar\/w\/wp-json\/wp\/v2\/posts"}],"about":[{"href":"https:\/\/crc.org.ar\/w\/wp-json\/wp\/v2\/types\/post"}],"author":[{"embeddable":true,"href":"https:\/\/crc.org.ar\/w\/wp-json\/wp\/v2\/users\/1"}],"replies":[{"embeddable":true,"href":"https:\/\/crc.org.ar\/w\/wp-json\/wp\/v2\/comments?post=28845"}],"version-history":[{"count":1,"href":"https:\/\/crc.org.ar\/w\/wp-json\/wp\/v2\/posts\/28845\/revisions"}],"predecessor-version":[{"id":28847,"href":"https:\/\/crc.org.ar\/w\/wp-json\/wp\/v2\/posts\/28845\/revisions\/28847"}],"wp:featuredmedia":[{"embeddable":true,"href":"https:\/\/crc.org.ar\/w\/wp-json\/wp\/v2\/media\/28846"}],"wp:attachment":[{"href":"https:\/\/crc.org.ar\/w\/wp-json\/wp\/v2\/media?parent=28845"}],"wp:term":[{"taxonomy":"category","embeddable":true,"href":"https:\/\/crc.org.ar\/w\/wp-json\/wp\/v2\/categories?post=28845"},{"taxonomy":"post_tag","embeddable":true,"href":"https:\/\/crc.org.ar\/w\/wp-json\/wp\/v2\/tags?post=28845"}],"curies":[{"name":"wp","href":"https:\/\/api.w.org\/{rel}","templated":true}]}}