{"id":28848,"date":"2021-04-17T13:40:32","date_gmt":"2021-04-17T16:40:32","guid":{"rendered":"https:\/\/crc.org.ar\/w\/?p=28848"},"modified":"2021-04-17T13:44:46","modified_gmt":"2021-04-17T16:44:46","slug":"rotundo-exito-en-la-regata-interna-dia-del-remero","status":"publish","type":"post","link":"https:\/\/crc.org.ar\/w\/rotundo-exito-en-la-regata-interna-dia-del-remero\/","title":{"rendered":"Rotundo \u00e9xito en la regata interna \u201cD\u00eda del Remero\u201d"},"content":{"rendered":"\n<p>(S\u00e1bado 17 de abril 2021). La regata interna \u201cD\u00eda del Remero\u201d organizada por el Club de Regatas Corrientes fue todo un \u00e9xito de participaci\u00f3n, competencia y protocolos sanitarios.<\/p>\n\n\n\n<!--more-->\n\n\n\n<p>El s\u00e1bado por la ma\u00f1ana en el galp\u00f3n de botes del Club de Regatas Corrientes dio inicio la regata interna \u201cD\u00eda del Remero\u201d, la cual se llev\u00f3 a cabo con participantes de todas las edades y categor\u00edas, y respetando un estricto protocolo de seguridad sanitaria.<\/p>\n\n\n\n<p>La actividad estuvo organizada por la subcomisi\u00f3n de remo, presidida por <strong>Diego Vidal<\/strong>, por la capitan\u00eda y la dirigencia de la instituci\u00f3n, y por el coordinador de la actividad, <strong>Harris Gonz\u00e1lez Escobar<\/strong>. Adem\u00e1s, como siempre se cont\u00f3 con el apoyo log\u00edstico y de seguridad de la Prefectura Naval Argentina de Corrientes.<\/p>\n\n\n\n<figure class=\"wp-block-gallery columns-3 is-cropped wp-block-gallery-1 is-layout-flex wp-block-gallery-is-layout-flex\"><ul class=\"blocks-gallery-grid\"><li class=\"blocks-gallery-item\"><figure><img loading=\"lazy\" decoding=\"async\" width=\"800\" height=\"585\" src=\"https:\/\/crc.org.ar\/w\/wp-content\/uploads\/2021\/04\/DSC_0014-2.jpg\" alt=\"\" data-id=\"28849\" data-full-url=\"https:\/\/crc.org.ar\/w\/wp-content\/uploads\/2021\/04\/DSC_0014-2.jpg\" data-link=\"https:\/\/crc.org.ar\/w\/?attachment_id=28849\" class=\"wp-image-28849\" srcset=\"https:\/\/crc.org.ar\/w\/wp-content\/uploads\/2021\/04\/DSC_0014-2.jpg 800w, https:\/\/crc.org.ar\/w\/wp-content\/uploads\/2021\/04\/DSC_0014-2-300x219.jpg 300w, https:\/\/crc.org.ar\/w\/wp-content\/uploads\/2021\/04\/DSC_0014-2-768x562.jpg 768w\" sizes=\"(max-width: 800px) 100vw, 800px\" \/><\/figure><\/li><li class=\"blocks-gallery-item\"><figure><img loading=\"lazy\" decoding=\"async\" width=\"677\" height=\"600\" src=\"https:\/\/crc.org.ar\/w\/wp-content\/uploads\/2021\/04\/Regata-1-puesto-8.jpg\" alt=\"\" data-id=\"28850\" data-full-url=\"https:\/\/crc.org.ar\/w\/wp-content\/uploads\/2021\/04\/Regata-1-puesto-8.jpg\" data-link=\"https:\/\/crc.org.ar\/w\/?attachment_id=28850\" class=\"wp-image-28850\" srcset=\"https:\/\/crc.org.ar\/w\/wp-content\/uploads\/2021\/04\/Regata-1-puesto-8.jpg 677w, https:\/\/crc.org.ar\/w\/wp-content\/uploads\/2021\/04\/Regata-1-puesto-8-300x266.jpg 300w\" sizes=\"(max-width: 677px) 100vw, 677px\" \/><\/figure><\/li><li class=\"blocks-gallery-item\"><figure><img loading=\"lazy\" decoding=\"async\" width=\"800\" height=\"515\" src=\"https:\/\/crc.org.ar\/w\/wp-content\/uploads\/2021\/04\/Regata-1-1.jpg\" alt=\"\" data-id=\"28851\" data-full-url=\"https:\/\/crc.org.ar\/w\/wp-content\/uploads\/2021\/04\/Regata-1-1.jpg\" data-link=\"https:\/\/crc.org.ar\/w\/?attachment_id=28851\" class=\"wp-image-28851\" srcset=\"https:\/\/crc.org.ar\/w\/wp-content\/uploads\/2021\/04\/Regata-1-1.jpg 800w, https:\/\/crc.org.ar\/w\/wp-content\/uploads\/2021\/04\/Regata-1-1-300x193.jpg 300w, https:\/\/crc.org.ar\/w\/wp-content\/uploads\/2021\/04\/Regata-1-1-768x494.jpg 768w\" sizes=\"(max-width: 800px) 100vw, 800px\" \/><\/figure><\/li><li class=\"blocks-gallery-item\"><figure><img loading=\"lazy\" decoding=\"async\" width=\"800\" height=\"569\" src=\"https:\/\/crc.org.ar\/w\/wp-content\/uploads\/2021\/04\/Regata-2-3.jpg\" alt=\"\" data-id=\"28852\" data-full-url=\"https:\/\/crc.org.ar\/w\/wp-content\/uploads\/2021\/04\/Regata-2-3.jpg\" data-link=\"https:\/\/crc.org.ar\/w\/?attachment_id=28852\" class=\"wp-image-28852\" srcset=\"https:\/\/crc.org.ar\/w\/wp-content\/uploads\/2021\/04\/Regata-2-3.jpg 800w, https:\/\/crc.org.ar\/w\/wp-content\/uploads\/2021\/04\/Regata-2-3-300x213.jpg 300w, https:\/\/crc.org.ar\/w\/wp-content\/uploads\/2021\/04\/Regata-2-3-768x546.jpg 768w\" sizes=\"(max-width: 800px) 100vw, 800px\" \/><\/figure><\/li><li class=\"blocks-gallery-item\"><figure><img loading=\"lazy\" decoding=\"async\" width=\"800\" height=\"537\" src=\"https:\/\/crc.org.ar\/w\/wp-content\/uploads\/2021\/04\/Regata-3-4.jpg\" alt=\"\" data-id=\"28853\" data-full-url=\"https:\/\/crc.org.ar\/w\/wp-content\/uploads\/2021\/04\/Regata-3-4.jpg\" data-link=\"https:\/\/crc.org.ar\/w\/?attachment_id=28853\" class=\"wp-image-28853\" srcset=\"https:\/\/crc.org.ar\/w\/wp-content\/uploads\/2021\/04\/Regata-3-4.jpg 800w, https:\/\/crc.org.ar\/w\/wp-content\/uploads\/2021\/04\/Regata-3-4-300x201.jpg 300w, https:\/\/crc.org.ar\/w\/wp-content\/uploads\/2021\/04\/Regata-3-4-768x516.jpg 768w, https:\/\/crc.org.ar\/w\/wp-content\/uploads\/2021\/04\/Regata-3-4-110x75.jpg 110w\" sizes=\"(max-width: 800px) 100vw, 800px\" \/><\/figure><\/li><li class=\"blocks-gallery-item\"><figure><img loading=\"lazy\" decoding=\"async\" width=\"800\" height=\"488\" src=\"https:\/\/crc.org.ar\/w\/wp-content\/uploads\/2021\/04\/Regata-4-5.jpg\" alt=\"\" data-id=\"28854\" data-full-url=\"https:\/\/crc.org.ar\/w\/wp-content\/uploads\/2021\/04\/Regata-4-5.jpg\" data-link=\"https:\/\/crc.org.ar\/w\/?attachment_id=28854\" class=\"wp-image-28854\" srcset=\"https:\/\/crc.org.ar\/w\/wp-content\/uploads\/2021\/04\/Regata-4-5.jpg 800w, https:\/\/crc.org.ar\/w\/wp-content\/uploads\/2021\/04\/Regata-4-5-300x183.jpg 300w, https:\/\/crc.org.ar\/w\/wp-content\/uploads\/2021\/04\/Regata-4-5-768x468.jpg 768w\" sizes=\"(max-width: 800px) 100vw, 800px\" \/><\/figure><\/li><li class=\"blocks-gallery-item\"><figure><img loading=\"lazy\" decoding=\"async\" width=\"800\" height=\"518\" src=\"https:\/\/crc.org.ar\/w\/wp-content\/uploads\/2021\/04\/Regata-5-6.jpg\" alt=\"\" data-id=\"28855\" data-full-url=\"https:\/\/crc.org.ar\/w\/wp-content\/uploads\/2021\/04\/Regata-5-6.jpg\" data-link=\"https:\/\/crc.org.ar\/w\/?attachment_id=28855\" class=\"wp-image-28855\" srcset=\"https:\/\/crc.org.ar\/w\/wp-content\/uploads\/2021\/04\/Regata-5-6.jpg 800w, https:\/\/crc.org.ar\/w\/wp-content\/uploads\/2021\/04\/Regata-5-6-300x194.jpg 300w, https:\/\/crc.org.ar\/w\/wp-content\/uploads\/2021\/04\/Regata-5-6-768x497.jpg 768w\" sizes=\"(max-width: 800px) 100vw, 800px\" \/><\/figure><\/li><li class=\"blocks-gallery-item\"><figure><img loading=\"lazy\" decoding=\"async\" width=\"660\" height=\"600\" src=\"https:\/\/crc.org.ar\/w\/wp-content\/uploads\/2021\/04\/Regata-6-7.jpg\" alt=\"\" data-id=\"28856\" data-full-url=\"https:\/\/crc.org.ar\/w\/wp-content\/uploads\/2021\/04\/Regata-6-7.jpg\" data-link=\"https:\/\/crc.org.ar\/w\/?attachment_id=28856\" class=\"wp-image-28856\" srcset=\"https:\/\/crc.org.ar\/w\/wp-content\/uploads\/2021\/04\/Regata-6-7.jpg 660w, https:\/\/crc.org.ar\/w\/wp-content\/uploads\/2021\/04\/Regata-6-7-300x273.jpg 300w\" sizes=\"(max-width: 660px) 100vw, 660px\" \/><\/figure><\/li><\/ul><\/figure>\n\n\n\n<p>Las regatas comenzaron a las 10, y se dividieron por categor\u00edas de edades, y por embarcaciones, participando singles, dobles y cuatro, todos ellos con timonel. Cabe destacar, que fueron de la partida remeros novatos de la escuela, chicos del equipo oficial y promocional, y remeros m\u00e1ster.<\/p>\n\n\n\n<p>Los deportistas se agruparon en equipos de 8, donde tras cada regata fueron sumando puntos. Una vez terminada la parte n\u00e1utica, los equipos compitieron en remoerg\u00f3metro, en forma individual. Y all\u00ed se obtuvieron los puestos finales.<\/p>\n\n\n\n<p>El resultado final fue meramente anecd\u00f3tico, ya que fue importante el evento porque marc\u00f3 el regreso de una regata interna organizada por el club, que no se realizaba desde hace m\u00e1s de un a\u00f1o, y tambi\u00e9n signific\u00f3 la posibilidad para los remeros primerizos que se han sumado a la escuela de participar por primera vez en un certamen.<\/p>\n","protected":false},"excerpt":{"rendered":"<p>(S\u00e1bado 17 de abril 2021). La regata interna \u201cD\u00eda del Remero\u201d organizada por el Club de Regatas Corrientes fue todo un \u00e9xito de participaci\u00f3n, competencia y protocolos sanitarios. El s\u00e1bado por la ma\u00f1ana en el galp\u00f3n de botes del Club de Regatas Corrientes dio inicio la regata interna \u201cD\u00eda del Remero\u201d, la cual se llev\u00f3 &hellip;<\/p>\n","protected":false},"author":1,"featured_media":28855,"comment_status":"closed","ping_status":"closed","sticky":false,"template":"","format":"standard","meta":{"footnotes":""},"categories":[156,18],"tags":[],"_links":{"self":[{"href":"https:\/\/crc.org.ar\/w\/wp-json\/wp\/v2\/posts\/28848"}],"collection":[{"href":"https:\/\/crc.org.ar\/w\/wp-json\/wp\/v2\/posts"}],"about":[{"href":"https:\/\/crc.org.ar\/w\/wp-json\/wp\/v2\/types\/post"}],"author":[{"embeddable":true,"href":"https:\/\/crc.org.ar\/w\/wp-json\/wp\/v2\/users\/1"}],"replies":[{"embeddable":true,"href":"https:\/\/crc.org.ar\/w\/wp-json\/wp\/v2\/comments?post=28848"}],"version-history":[{"count":1,"href":"https:\/\/crc.org.ar\/w\/wp-json\/wp\/v2\/posts\/28848\/revisions"}],"predecessor-version":[{"id":28857,"href":"https:\/\/crc.org.ar\/w\/wp-json\/wp\/v2\/posts\/28848\/revisions\/28857"}],"wp:featuredmedia":[{"embeddable":true,"href":"https:\/\/crc.org.ar\/w\/wp-json\/wp\/v2\/media\/28855"}],"wp:attachment":[{"href":"https:\/\/crc.org.ar\/w\/wp-json\/wp\/v2\/media?parent=28848"}],"wp:term":[{"taxonomy":"category","embeddable":true,"href":"https:\/\/crc.org.ar\/w\/wp-json\/wp\/v2\/categories?post=28848"},{"taxonomy":"post_tag","embeddable":true,"href":"https:\/\/crc.org.ar\/w\/wp-json\/wp\/v2\/tags?post=28848"}],"curies":[{"name":"wp","href":"https:\/\/api.w.org\/{rel}","templated":true}]}}