{"id":28923,"date":"2021-04-23T10:50:14","date_gmt":"2021-04-23T13:50:14","guid":{"rendered":"https:\/\/crc.org.ar\/w\/?p=28923"},"modified":"2021-04-23T10:58:24","modified_gmt":"2021-04-23T13:58:24","slug":"remeros-presentes-en-carlos-paz","status":"publish","type":"post","link":"https:\/\/crc.org.ar\/w\/remeros-presentes-en-carlos-paz\/","title":{"rendered":"Remeros presentes en Carlos Paz"},"content":{"rendered":"\n<p>(Viernes 23 de abril de 2021). Remeros de Regatas Corrientes estar\u00e1n presentes en la VIII Regata de Velocidad y de la regata oficial Cril que se llevar\u00e1n a cabo en Villa Carlos Paz.<\/p>\n\n\n\n<!--more-->\n\n\n\n<p>Este s\u00e1bado 24 y domingo 25 en Villa Carlos Paz, C\u00f3rdoba, se llevar\u00e1n a cabo dos eventos dentro del calendario oficial de la AARA (Asociaci\u00f3n Argentina de Remeros Aficionados): la VIII Regata de Velocidad y tambi\u00e9n la regata oficialN\u00b0 247.<\/p>\n\n\n\n<p>Del evento formar\u00e1n parte tres deportistas del Club de Regatas Corrientes, que tras la experiencia en Villa constituci\u00f3n, volver\u00e1n a ser parte de un evento de esta magnitud. <strong>Mat\u00edas Leconte, Agostina Manzotti y Natalia Ch\u00e1vez <\/strong>ser\u00e1n los que representen al club del parque Mitre.<\/p>\n\n\n\n<div class=\"wp-block-image\"><figure class=\"aligncenter size-large\"><img loading=\"lazy\" decoding=\"async\" width=\"1280\" height=\"720\" src=\"https:\/\/crc.org.ar\/w\/wp-content\/uploads\/2021\/04\/Remeros-a-Carlos-Paz.jpeg\" alt=\"\" class=\"wp-image-28924\" srcset=\"https:\/\/crc.org.ar\/w\/wp-content\/uploads\/2021\/04\/Remeros-a-Carlos-Paz.jpeg 1280w, https:\/\/crc.org.ar\/w\/wp-content\/uploads\/2021\/04\/Remeros-a-Carlos-Paz-300x169.jpeg 300w, https:\/\/crc.org.ar\/w\/wp-content\/uploads\/2021\/04\/Remeros-a-Carlos-Paz-768x432.jpeg 768w\" sizes=\"(max-width: 1280px) 100vw, 1280px\" \/><\/figure><\/div>\n\n\n\n<p>Las regatas, que se desarrollar\u00e1n en el lago San Roque de la ciudad cordobesa, est\u00e1n organizadas por la Comisi\u00f3n de Remo Internacional del Litoral. Estar\u00e1n en disputa las Copas \u201cVilla Carlos Paz 2021\u201d, \u201cVIII Regata de Velocidad CRIL\u201d y \u201cRegata Oficial CRIL N\u00ba 247\u201d.<\/p>\n\n\n\n<p>Los remeros regatenses partieron en la madrugada del viernes rumbo a Carlos Paz en el veh\u00edculo particular de <strong>Alejandra Scolari<\/strong>, la madre de <strong>Manzotti<\/strong>, quien voluntariamente se ofreci\u00f3 para transportar a los j\u00f3venes deportistas.<\/p>\n\n\n\n<p><strong>Agostina Manzotti<\/strong>participar\u00e1 en la categor\u00eda sub 23, al igual que <strong>Mat\u00edas Leconte<\/strong>. Por su parte, <strong>Natalia Ch\u00e1vez<\/strong>competir\u00e1 en la categor\u00eda senior.<\/p>\n\n\n\n<p>El s\u00e1bado a las 8 de la ma\u00f1ana iniciar\u00e1 la regata oficial CRIL, mientras que el domingo desde las 9 se desarrollar\u00e1 la competencia de la regata de velocidad.<\/p>\n","protected":false},"excerpt":{"rendered":"<p>(Viernes 23 de abril de 2021). Remeros de Regatas Corrientes estar\u00e1n presentes en la VIII Regata de Velocidad y de la regata oficial Cril que se llevar\u00e1n a cabo en Villa Carlos Paz. Este s\u00e1bado 24 y domingo 25 en Villa Carlos Paz, C\u00f3rdoba, se llevar\u00e1n a cabo dos eventos dentro del calendario oficial de &hellip;<\/p>\n","protected":false},"author":1,"featured_media":28924,"comment_status":"closed","ping_status":"closed","sticky":false,"template":"","format":"standard","meta":{"footnotes":""},"categories":[156,18],"tags":[],"_links":{"self":[{"href":"https:\/\/crc.org.ar\/w\/wp-json\/wp\/v2\/posts\/28923"}],"collection":[{"href":"https:\/\/crc.org.ar\/w\/wp-json\/wp\/v2\/posts"}],"about":[{"href":"https:\/\/crc.org.ar\/w\/wp-json\/wp\/v2\/types\/post"}],"author":[{"embeddable":true,"href":"https:\/\/crc.org.ar\/w\/wp-json\/wp\/v2\/users\/1"}],"replies":[{"embeddable":true,"href":"https:\/\/crc.org.ar\/w\/wp-json\/wp\/v2\/comments?post=28923"}],"version-history":[{"count":1,"href":"https:\/\/crc.org.ar\/w\/wp-json\/wp\/v2\/posts\/28923\/revisions"}],"predecessor-version":[{"id":28925,"href":"https:\/\/crc.org.ar\/w\/wp-json\/wp\/v2\/posts\/28923\/revisions\/28925"}],"wp:featuredmedia":[{"embeddable":true,"href":"https:\/\/crc.org.ar\/w\/wp-json\/wp\/v2\/media\/28924"}],"wp:attachment":[{"href":"https:\/\/crc.org.ar\/w\/wp-json\/wp\/v2\/media?parent=28923"}],"wp:term":[{"taxonomy":"category","embeddable":true,"href":"https:\/\/crc.org.ar\/w\/wp-json\/wp\/v2\/categories?post=28923"},{"taxonomy":"post_tag","embeddable":true,"href":"https:\/\/crc.org.ar\/w\/wp-json\/wp\/v2\/tags?post=28923"}],"curies":[{"name":"wp","href":"https:\/\/api.w.org\/{rel}","templated":true}]}}